{"id":1011,"date":"2013-04-22T14:11:56","date_gmt":"2013-04-22T12:11:56","guid":{"rendered":"http:\/\/www.europan-esp.es\/blog\/?p=1011"},"modified":"2020-02-18T13:24:28","modified_gmt":"2020-02-18T12:24:28","slug":"visitas-a-los-emplazamientos","status":"publish","type":"post","link":"http:\/\/www.europan-esp.es\/blog\/?p=1011","title":{"rendered":"VISITAS A LOS EMPLAZAMIENTOS"},"content":{"rendered":"<p>Se organizan visitas a los emplazamientos de EUROPAN 12 \/ Espa\u00f1a.<br \/>\nLas personas interesadas en participar deben confirmar su asistencia a trav\u00e9s de correo electr\u00f3nico a la siguiente direcci\u00f3n: europan.esp@arquinex.es<br \/>\nLas fechas previstas son las siguientes:<\/p>\n<p><strong><a href=\"http:\/\/www.europan-europe.eu\/en\/session\/europan-12\/site\/barcelona\" target=\"_blank\" rel=\"noopener noreferrer\">BARCELONA <\/a>(La Sagrera)<\/strong><br \/>\nViernes d\u00eda de 26 abril, 11:00h<br \/>\nPunto de encuentro:<br \/>\nCentro Comercial La Maquinista. Calle Potos\u00ed 2<br \/>\n08030 BARCELONA<br \/>\nMetro: Sant Andreu (L9)<br \/>\n<a href=\"http:\/\/www.europan-esp.es\/blog\/wp-content\/uploads\/2013\/04\/Imagen-La-Sagrera.web_.jpg\"><img decoding=\"async\" loading=\"lazy\" src=\"http:\/\/www.europan-esp.es\/blog\/wp-content\/uploads\/2013\/04\/Imagen-La-Sagrera.web_.jpg\" alt=\"\" title=\"Imagen-La-Sagrera.web\" width=\"612\" height=\"408\" class=\"alignnone size-full wp-image-1034\" \/><\/a><\/p>\n<p><strong><a href=\"http:\/\/www.europan-europe.eu\/en\/session\/europan-12\/site\/urretxu-irimo\" target=\"_blank\" rel=\"noopener noreferrer\">URRETXU_IRIMO<\/a><\/strong><br \/>\nViernes d\u00eda 10 de mayo, 10h45<br \/>\nPunto de encuentro: Ayuntamiento de Urretxu<br \/>\nPrograma previsto:<br \/>\n11:00h charla en el ayuntamiento<br \/>\n\tHistoria (evoluci\u00f3n, econom\u00eda, sociedad etc.)<br \/>\n\tPresentaci\u00f3n del emplazamiento<br \/>\n\tInformaci\u00f3n del proceso participativo por parte de la \u00abmesa motor\u00bb<br \/>\n12:30h Paseo a trav\u00e9s de Urretxu-Zumarraga hasta el emplazamiento y visita a las 4 \u00e1reas principales<br \/>\n14:30h Para el que quiera se ofrecer\u00e1 un men\u00fa (asequible para todos los bolsillos) en Santa B\u00e1rbara (precio todav\u00eda a negociar)<br \/>\n<a href=\"http:\/\/www.europan-esp.es\/blog\/wp-content\/uploads\/2013\/04\/imagen-visita.jpg\"><img decoding=\"async\" loading=\"lazy\" src=\"http:\/\/www.europan-esp.es\/blog\/wp-content\/uploads\/2013\/04\/imagen-visita.jpg\" alt=\"\" title=\"imagen-visita\" width=\"612\" height=\"345\" class=\"alignnone size-full wp-image-1035\" \/><\/a><\/p>\n<p><strong><a href=\"http:\/\/www.europan-europe.eu\/en\/session\/europan-12\/site\/don-benito\" target=\"_blank\" rel=\"noopener noreferrer\">DON BENITO<\/a><\/strong><br \/>\nViernes d\u00eda 17 de mayo, 11h30<br \/>\nPunto de encuentro: Ayuntamiento de Don Benito.<br \/>\nPrograma previsto:<br \/>\n11:30h: Presentaci\u00f3n del emplazamiento<br \/>\n12:30h: Visita  <\/p>\n","protected":false},"excerpt":{"rendered":"<p>Se organizan visitas a los emplazamientos de EUROPAN 12 \/ Espa\u00f1a. Las personas interesadas en participar deben confirmar su asistencia a trav\u00e9s de correo electr\u00f3nico a la siguiente direcci\u00f3n: europan.esp@arquinex.es Las fechas previstas son las siguientes: BARCELONA (La Sagrera) Viernes d\u00eda de 26 abril, 11:00h Punto de encuentro: Centro Comercial La Maquinista. Calle Potos\u00ed 2 08030 BARCELONA Metro: Sant Andreu (L9) URRETXU_IRIMO Viernes d\u00eda 10 de mayo, 10h45 Punto de encuentro: Ayuntamiento de Urretxu Programa previsto: 11:00h charla en el ayuntamiento Historia (evoluci\u00f3n, econom\u00eda, sociedad etc.) Presentaci\u00f3n del emplazamiento Informaci\u00f3n del proceso participativo por parte de la \u00abmesa motor\u00bb 12:30h Paseo a trav\u00e9s de Urretxu-Zumarraga hasta el emplazamiento y visita a las 4 \u00e1reas principales 14:30h Para el que quiera se ofrecer\u00e1 un men\u00fa (asequible para todos los bolsillos) en Santa B\u00e1rbara (precio todav\u00eda a negociar) DON BENITO Viernes d\u00eda 17 de mayo, 11h30 Punto de encuentro: Ayuntamiento de Don Benito. Programa previsto: 11:30h: Presentaci\u00f3n del emplazamiento 12:30h: Visita<\/p>\n","protected":false},"author":1,"featured_media":1012,"comment_status":"open","ping_status":"open","sticky":false,"template":"","format":"standard","meta":[],"categories":[79,78,77,60],"tags":[],"_links":{"self":[{"href":"http:\/\/www.europan-esp.es\/blog\/index.php?rest_route=\/wp\/v2\/posts\/1011"}],"collection":[{"href":"http:\/\/www.europan-esp.es\/blog\/index.php?rest_route=\/wp\/v2\/posts"}],"about":[{"href":"http:\/\/www.europan-esp.es\/blog\/index.php?rest_route=\/wp\/v2\/types\/post"}],"author":[{"embeddable":true,"href":"http:\/\/www.europan-esp.es\/blog\/index.php?rest_route=\/wp\/v2\/users\/1"}],"replies":[{"embeddable":true,"href":"http:\/\/www.europan-esp.es\/blog\/index.php?rest_route=%2Fwp%2Fv2%2Fcomments&post=1011"}],"version-history":[{"count":7,"href":"http:\/\/www.europan-esp.es\/blog\/index.php?rest_route=\/wp\/v2\/posts\/1011\/revisions"}],"predecessor-version":[{"id":4814,"href":"http:\/\/www.europan-esp.es\/blog\/index.php?rest_route=\/wp\/v2\/posts\/1011\/revisions\/4814"}],"wp:featuredmedia":[{"embeddable":true,"href":"http:\/\/www.europan-esp.es\/blog\/index.php?rest_route=\/wp\/v2\/media\/1012"}],"wp:attachment":[{"href":"http:\/\/www.europan-esp.es\/blog\/index.php?rest_route=%2Fwp%2Fv2%2Fmedia&parent=1011"}],"wp:term":[{"taxonomy":"category","embeddable":true,"href":"http:\/\/www.europan-esp.es\/blog\/index.php?rest_route=%2Fwp%2Fv2%2Fcategories&post=1011"},{"taxonomy":"post_tag","embeddable":true,"href":"http:\/\/www.europan-esp.es\/blog\/index.php?rest_route=%2Fwp%2Fv2%2Ftags&post=1011"}],"curies":[{"name":"wp","href":"https:\/\/api.w.org\/{rel}","templated":true}]}}