{"id":1270,"date":"2014-06-09T12:56:23","date_gmt":"2014-06-09T10:56:23","guid":{"rendered":"http:\/\/www.europan-esp.es\/blog\/?p=1270"},"modified":"2020-02-18T13:11:18","modified_gmt":"2020-02-18T12:11:18","slug":"catalogo-de-resultados-espana","status":"publish","type":"post","link":"http:\/\/www.europan-esp.es\/blog\/?p=1270","title":{"rendered":"CAT\u00c1LOGO DE RESULTADOS EUROPAN 12 ESPA\u00d1A"},"content":{"rendered":"<p>La publicaci\u00f3n de los resultados de EUROPAN 12 Espa\u00f1a recoge los 14 proyectos que ha premiado el jurado de EUROPAN\/Espa\u00f1a y los 35 proyectos de equipos espa\u00f1oles que han obtenido reconocimiento en 19 ciudades de otros pa\u00edses participantes en EUROPAN 12: Alemania, Austria, B\u00e9lgica, Finlandia, Francia, Italia, Kosovo, Noruega, Pa\u00edses Bajos, Polonia, Suecia, Suiza.<\/p>\n<p>A trav\u00e9s de emplazamientos situados en 51 ciudades europeas, EUROPAN 12 invitaba a la reflexi\u00f3n plural sobre \u201c<strong>La Ciudad Adaptable. Adaptar la ciudad y la arquitectura a los ritmos urbanos<\/strong>\u201d.<\/p>\n<p>EUROPAN 12 propon\u00eda subrayar la importancia de los ritmos y ciclos de vida urbanos, con el objetivo de facilitar la adaptaci\u00f3n de la ciudad preservando su especificidad. Se trata, frente a un futuro incierto, de poder ralentizar, acelerar o articular ciclos y transformaciones. Ser\u00e1 preciso anticipar los inevitables impactos que producen los cambios, prever usos plurales y ser capaces de heredar de forma creativa. Se propon\u00eda, por lo tanto, ajustarse a lo existente y, a la vez, prever las posibilidades de armonizar lo permanente y lo variable.<\/p>\n<p>Este tema general se divid\u00eda en 6 subtemas que agrupan los 51 emplazamientos de EUROPAN 12: Plataformas urbanas din\u00e1micas, Patrimonio del futuro, From mono-large to multi-mix, Ecoritmos, In-between time, Territorios en red.<\/p>\n<p>El cat\u00e1logo recuerda la tem\u00e1tica de la edici\u00f3n y pretende mostrar de forma transparente el trabajo que ha valorado el jurado de EUROPAN 12 Espa\u00f1a. <\/p>\n<p>Introducen la publicaci\u00f3n escritos de la Ministra de Fomento, del Presidente de EUROPAN\/Espa\u00f1a y el Acta del Jurado de EUROPAN 12\/Espa\u00f1a. <\/p>\n<p>Tras la presentaci\u00f3n de cada uno de los emplazamientos espa\u00f1oles, Barcelona, Don Benito y Urretxu, explicando sus condiciones f\u00edsicas y de programa, se muestran, en formato 34&#215;24 cm, los tres paneles de concurso de los 14 equipos premiados y mencionados en Espa\u00f1a, acompa\u00f1ados por la memoria de proyecto y por el comentario del jurado.<\/p>\n<p>Los 19 emplazamientos de otros pa\u00edses en los que han sido premiados 35 equipos espa\u00f1oles, se presentan mediante una ficha que resume sus caracter\u00edsticas f\u00edsicas y los objetivos de concurso.<br \/>\nLas propuestas se muestran mediante un panel resumen.<\/p>\n<p>Se trata de una publicaci\u00f3n biling\u00fce castellano-ingl\u00e9s, de 160 p\u00e1ginas, ISBN \u2013 10: 84-616-9828-2, ISBN \u2013 13: 978-84-616-9828-8.<\/p>\n<p>Se puede adquirir a trav\u00e9s de este <a href=\"http:\/\/www.cscae.com\/index.php?page=shop.product_details&#038;flypage=yagendoo_VaMazing_2.tpl&#038;product_id=75&#038;category_id=8&#038;option=com_virtuemart&#038;Itemid=75&#038;vmcchk=1&#038;Itemid=75\" target=\"_blank\" rel=\"noopener noreferrer\">enlace<\/a><\/p>\n<p><a href=\"http:\/\/www.europan-esp.es\/blog\/wp-content\/uploads\/2014\/06\/000_CUBIERTA_E12_P\u00e1gina_1.jpg\"><img decoding=\"async\" loading=\"lazy\" src=\"http:\/\/www.europan-esp.es\/blog\/wp-content\/uploads\/2014\/06\/000_CUBIERTA_E12_P\u00e1gina_1.jpg\" alt=\"\" title=\"000_CUBIERTA_E12_P\u00e1gina_1\" width=\"473\" height=\"612\" class=\"alignnone size-full wp-image-1272\" \/><\/a><\/p>\n","protected":false},"excerpt":{"rendered":"<p>La publicaci\u00f3n de los resultados de EUROPAN 12 Espa\u00f1a recoge los 14 proyectos que ha premiado el jurado de EUROPAN\/Espa\u00f1a y los 35 proyectos de equipos espa\u00f1oles que han obtenido reconocimiento en 19 ciudades de otros pa\u00edses participantes en EUROPAN 12: Alemania, Austria, B\u00e9lgica, Finlandia, Francia, Italia, Kosovo, Noruega, Pa\u00edses Bajos, Polonia, Suecia, Suiza. A trav\u00e9s de emplazamientos situados en 51 ciudades europeas, EUROPAN 12 invitaba a la reflexi\u00f3n plural sobre \u201cLa Ciudad Adaptable. Adaptar la ciudad y la arquitectura a los ritmos urbanos\u201d. EUROPAN 12 propon\u00eda subrayar la importancia de los ritmos y ciclos de vida urbanos, con el objetivo de facilitar la adaptaci\u00f3n de la ciudad preservando su especificidad. Se trata, frente a un futuro incierto, de poder ralentizar, acelerar o articular ciclos y transformaciones. Ser\u00e1 preciso anticipar los inevitables impactos que producen los cambios, prever usos plurales y ser capaces de heredar de forma creativa. Se propon\u00eda, por lo tanto, ajustarse a lo existente y, a la vez, prever las posibilidades de armonizar lo permanente y lo variable. Este tema general se divid\u00eda en 6 subtemas que agrupan los 51 emplazamientos de EUROPAN 12: Plataformas urbanas din\u00e1micas, Patrimonio del futuro, From mono-large to multi-mix, Ecoritmos, In-between time, [&hellip;]<\/p>\n","protected":false},"author":1,"featured_media":1271,"comment_status":"open","ping_status":"open","sticky":false,"template":"","format":"standard","meta":[],"categories":[60,65,76],"tags":[],"_links":{"self":[{"href":"http:\/\/www.europan-esp.es\/blog\/index.php?rest_route=\/wp\/v2\/posts\/1270"}],"collection":[{"href":"http:\/\/www.europan-esp.es\/blog\/index.php?rest_route=\/wp\/v2\/posts"}],"about":[{"href":"http:\/\/www.europan-esp.es\/blog\/index.php?rest_route=\/wp\/v2\/types\/post"}],"author":[{"embeddable":true,"href":"http:\/\/www.europan-esp.es\/blog\/index.php?rest_route=\/wp\/v2\/users\/1"}],"replies":[{"embeddable":true,"href":"http:\/\/www.europan-esp.es\/blog\/index.php?rest_route=%2Fwp%2Fv2%2Fcomments&post=1270"}],"version-history":[{"count":9,"href":"http:\/\/www.europan-esp.es\/blog\/index.php?rest_route=\/wp\/v2\/posts\/1270\/revisions"}],"predecessor-version":[{"id":4785,"href":"http:\/\/www.europan-esp.es\/blog\/index.php?rest_route=\/wp\/v2\/posts\/1270\/revisions\/4785"}],"wp:featuredmedia":[{"embeddable":true,"href":"http:\/\/www.europan-esp.es\/blog\/index.php?rest_route=\/wp\/v2\/media\/1271"}],"wp:attachment":[{"href":"http:\/\/www.europan-esp.es\/blog\/index.php?rest_route=%2Fwp%2Fv2%2Fmedia&parent=1270"}],"wp:term":[{"taxonomy":"category","embeddable":true,"href":"http:\/\/www.europan-esp.es\/blog\/index.php?rest_route=%2Fwp%2Fv2%2Fcategories&post=1270"},{"taxonomy":"post_tag","embeddable":true,"href":"http:\/\/www.europan-esp.es\/blog\/index.php?rest_route=%2Fwp%2Fv2%2Ftags&post=1270"}],"curies":[{"name":"wp","href":"https:\/\/api.w.org\/{rel}","templated":true}]}}