{"id":2313,"date":"2016-01-11T11:39:22","date_gmt":"2016-01-11T10:39:22","guid":{"rendered":"http:\/\/www.europan-esp.es\/blog\/?p=2313"},"modified":"2020-02-18T13:01:37","modified_gmt":"2020-02-18T12:01:37","slug":"lcg-arquitectura","status":"publish","type":"post","link":"http:\/\/www.europan-esp.es\/blog\/?p=2313","title":{"rendered":"LCG arquitectura"},"content":{"rendered":"<p><strong>EQUIPOS PREMIADOS EN EUROPAN<\/strong><br \/>\n<strong>EUROPAN 13. PRIMER PREMIO. WARSZAWA, POLONIA<\/strong>. <a href=\"http:\/\/www.europan-esp.es\/02_03_europan_result.php?id_resu=793\">\u00abRiver Gate\u00bb<\/a><br \/>\n<strong>EUROPAN 13. MENCI\u00d3N ESPECIAL. SANTO TIRSO, PORTUGAL<\/strong>. <a href=\"http:\/\/www.europan-esp.es\/02_03_europan_result.php?id_resu=796\">\u00abPlay Time\u00bb<\/a><\/p>\n<p><strong>Autores<\/strong>: Jorge Garc\u00eda Anta, Fernando Eiroa Lorenzo, Alberto Seoane Sesar.<br \/>\n<a href=\"http:\/\/www.lcgarquitectura.com\"><strong>LGC Arquitectura<\/strong><\/a><br \/>\n<br \/>\n<a href=\"http:\/\/www.europan-esp.es\/blog\/wp-content\/uploads\/2016\/01\/LCG-arquitectura1.jpg\"><img decoding=\"async\" loading=\"lazy\" src=\"http:\/\/www.europan-esp.es\/blog\/wp-content\/uploads\/2016\/01\/LCG-arquitectura1.jpg\" alt=\"LCG-arquitectura\" width=\"612\" height=\"198\" class=\"alignnone size-full wp-image-2316\" \/><\/a> Fotograf\u00eda: MAYA KAPOUSKI<br \/>\n<\/p>\n<p>En 1995 un grupo de estudiantes de la ETSAC comparten inquietudes culturales.<br \/>\nEn 2008, <strong>Jorge Garc\u00eda Anta<\/strong>, <strong>Fernando Eiroa Lorenzo<\/strong> y <strong>Xabier Barral Fern\u00e1ndez<\/strong> forman <strong>LCG arquitectura<\/strong>.<br \/>\nEn 2014, \u201cXabi\u201d emprende un camino en otro campo profesional y, poco m\u00e1s tarde, empieza a colaborar <strong>Alberto Seoane Sesar<\/strong>, con el que nos une la misma forma de entender la profesi\u00f3n.<\/p>\n<p><a href=\"http:\/\/www.lcgarquitectura.com\"><strong>LCG <\/strong><\/a>entiende el desarrollo del trabajo diario como un continuo aprendizaje, siempre inconcluso.<br \/>\nEl inter\u00e9s por la profesi\u00f3n sirve de motivaci\u00f3n. La principal intenci\u00f3n ser\u00e1 explorar la  capacidad que tienen los proyectos para poner en valor los lugares de actuaci\u00f3n y viceversa.<\/p>\n<p>Nos atrae la visi\u00f3n del artista como artesano, como la persona que ejerce un oficio.<br \/>\nEl optimismo ser\u00e1 una herramienta a emplear, con el fin de encontrar v\u00edas alternativas de trabajo.<br \/>\nLa autocr\u00edtica permite tener diferentes perspectivas de las situaciones y empuja a mejorar.<\/p>\n<p>Tenemos el convencimiento de entender la arquitectura que pensamos como espacios contenedores de actividad. Nuestras intervenciones, en \u00faltimo t\u00e9rmino, son el tel\u00f3n de fondo en el que se desarrolla la vida. Por ello nos acercamos, cada vez m\u00e1s, hacia las respuestas flexibles.<\/p>\n<p>En el momento actual, en el que hemos participado en <strong>EUROPAN 13<\/strong>, con un <strong>primer premio en Warszawa<\/strong> (PL) y una <strong>menci\u00f3n especial en Santo Tirso<\/strong> (PT), para nosotros siguen vigentes las palabras de <strong>J. A. Coderch en 1960<\/strong>:<\/p>\n<p><em> \u201cAl escribir esto no es mi intenci\u00f3n ni mi deseo sumarme a los que gustan de hablar y teorizar sobre Arquitectura. Pero despu\u00e9s de veinte a\u00f1os de oficio, circunstancias imprevisibles me han obligado a concretar mis puntos de vista y a escribir modestamente lo que sigue:<\/p>\n<p>Un viejo y famoso arquitecto americano, si no recuerdo mal, le dec\u00eda a otro mucho m\u00e1s joven que le ped\u00eda consejo: \u201cAbre bien los ojos, mira, es mucho m\u00e1s sencillo de lo que imaginas.\u201d Tambi\u00e9n le dec\u00eda: \u201cDetr\u00e1s de cada edificio que ves hay un hombre que no ves.\u201d Un hombre; no dec\u00eda siquiera un arquitecto.<\/p>\n<p>No, no creo que sean genios lo que necesitamos ahora. Creo que los genios son acontecimientos, no metas o fines. Tampoco creo que necesitemos pont\u00edfices de la Arquitectura, ni grandes doctrinarios, ni profetas, siempre dudosos. Algo de tradici\u00f3n viva est\u00e1 todav\u00eda a nuestro alcance, y muchas viejas doctrinas morales en relaci\u00f3n con nosotros mismos y con nuestro oficio o profesi\u00f3n de arquitectos (y empleo estos t\u00e9rminos en su mejor sentido tradicional). Necesitamos aprovechar lo poco que de tradici\u00f3n constructiva y, sobre todo, moral ha quedado en esta \u00e9poca en que las m\u00e1s hermosas palabras han perdido pr\u00e1cticamente su real y verdadera significaci\u00f3n.\u201d<\/p>\n<p>(\u2026)<\/p>\n<p>\u201cTengo el convencimiento de que cualquier arquitecto de nuestros d\u00edas, medianamente dotado, preparado o formado, si puede entender esto tambi\u00e9n puede f\u00e1cilmente realizar una obra verdaderamente viva. Esto es para m\u00ed lo m\u00e1s importante, mucho m\u00e1s que cualquier otra consideraci\u00f3n o finalidad, s\u00f3lo en apariencia de orden superior.\u201d<\/p>\n<p>(\u2026)<\/p>\n<p><strong>NO SON GENIOS LO QUE NECESITAMOS AHORA.<\/em> Jos\u00e9 Antonio Coderch, 1960.<\/strong><br \/>\n<br \/>\n<strong>2005.<br \/>\nUN HOMENAJE A MANUEL MAR\u00cdA EN LA PENINSULA DE LA TORRE. PRIMER PREMIO<\/strong><br \/>\n<a href=\"http:\/\/www.europan-esp.es\/blog\/wp-content\/uploads\/2016\/01\/01-MM.Homenaje-a-Manuel-Maria.2005.jpg\"><img decoding=\"async\" loading=\"lazy\" src=\"http:\/\/www.europan-esp.es\/blog\/wp-content\/uploads\/2016\/01\/01-MM.Homenaje-a-Manuel-Maria.2005.jpg\" alt=\"01-MM.Homenaje-a-Manuel-Maria.2005\" width=\"612\" height=\"431\" class=\"alignnone size-full wp-image-2317\" \/><\/a><br \/>\n<br \/>\n<strong>2009.<br \/>\nEXPOSICI\u00d3N GRANDEAREA EN LA PLAZA DEL PUEBLO GALLEGO. PRIMER PREMIO<\/strong><br \/>\n<a href=\"http:\/\/www.europan-esp.es\/blog\/wp-content\/uploads\/2016\/01\/02-GDA.jpg\"><img decoding=\"async\" loading=\"lazy\" src=\"http:\/\/www.europan-esp.es\/blog\/wp-content\/uploads\/2016\/01\/02-GDA.jpg\" alt=\"02-GDA\" width=\"612\" height=\"428\" class=\"alignnone size-full wp-image-2327\" \/><\/a><br \/>\n<br \/>\n<strong>2014.<br \/>\nORDENACI\u00d3N FESTIVAL DO NORTE EN A ILLA DE AROUSA. XVI PREMIO COAG<\/strong><br \/>\n<a href=\"http:\/\/www.europan-esp.es\/blog\/wp-content\/uploads\/2016\/01\/03-FDN.jpg\"><img decoding=\"async\" loading=\"lazy\" src=\"http:\/\/www.europan-esp.es\/blog\/wp-content\/uploads\/2016\/01\/03-FDN.jpg\" alt=\"03-FDN\" width=\"612\" height=\"430\" class=\"alignnone size-full wp-image-2328\" \/><\/a><br \/>\n<br \/>\n<strong>2015.<br \/>\nEUROPAN 13. PLAY TIME. MENCI\u00d3N ESPECIAL. SANTO TIRSO, PORTUGAL <\/strong><br \/>\n<a href=\"http:\/\/www.europan-esp.es\/blog\/wp-content\/uploads\/2016\/01\/04-PLAY-TIME3.jpg\"><img decoding=\"async\" loading=\"lazy\" src=\"http:\/\/www.europan-esp.es\/blog\/wp-content\/uploads\/2016\/01\/04-PLAY-TIME3.jpg\" alt=\"04-PLAY-TIME\" width=\"612\" height=\"429\" class=\"alignnone size-full wp-image-2336\" \/><\/a><br \/>\n<br \/>\n<strong>2015.<br \/>\nEUROPAN 13. RIVER GATE. PRIMER PREMIO. WARSZAWA, POLONIA<\/strong><br \/>\n<a href=\"http:\/\/www.europan-esp.es\/blog\/wp-content\/uploads\/2016\/01\/05-RIVER-GATE.jpg\"><img decoding=\"async\" loading=\"lazy\" src=\"http:\/\/www.europan-esp.es\/blog\/wp-content\/uploads\/2016\/01\/05-RIVER-GATE.jpg\" alt=\"05-RIVER-GATE\" width=\"612\" height=\"428\" class=\"alignnone size-full wp-image-2337\" \/><\/a><br \/>\n<br \/>\n<strong>LCG ARQUITECTURA<\/strong><br \/>\nAlcalde Salorio Su\u00e1rez. Planta 1. Local 4. 15010 A Coru\u00f1a. 981256020<br \/>\nwww.lcgarquitectura.com<\/p>\n","protected":false},"excerpt":{"rendered":"<p>EQUIPOS PREMIADOS EN EUROPAN EUROPAN 13. PRIMER PREMIO. WARSZAWA, POLONIA. \u00abRiver Gate\u00bb EUROPAN 13. MENCI\u00d3N ESPECIAL. SANTO TIRSO, PORTUGAL. \u00abPlay Time\u00bb Autores: Jorge Garc\u00eda Anta, Fernando Eiroa Lorenzo, Alberto Seoane Sesar. LGC Arquitectura Fotograf\u00eda: MAYA KAPOUSKI En 1995 un grupo de estudiantes de la ETSAC comparten inquietudes culturales. En 2008, Jorge Garc\u00eda Anta, Fernando Eiroa Lorenzo y Xabier Barral Fern\u00e1ndez forman LCG arquitectura. En 2014, \u201cXabi\u201d emprende un camino en otro campo profesional y, poco m\u00e1s tarde, empieza a colaborar Alberto Seoane Sesar, con el que nos une la misma forma de entender la profesi\u00f3n. LCG entiende el desarrollo del trabajo diario como un continuo aprendizaje, siempre inconcluso. El inter\u00e9s por la profesi\u00f3n sirve de motivaci\u00f3n. La principal intenci\u00f3n ser\u00e1 explorar la capacidad que tienen los proyectos para poner en valor los lugares de actuaci\u00f3n y viceversa. Nos atrae la visi\u00f3n del artista como artesano, como la persona que ejerce un oficio. El optimismo ser\u00e1 una herramienta a emplear, con el fin de encontrar v\u00edas alternativas de trabajo. La autocr\u00edtica permite tener diferentes perspectivas de las situaciones y empuja a mejorar. Tenemos el convencimiento de entender la arquitectura que pensamos como espacios contenedores de actividad. Nuestras intervenciones, en \u00faltimo t\u00e9rmino, [&hellip;]<\/p>\n","protected":false},"author":1,"featured_media":2314,"comment_status":"open","ping_status":"open","sticky":false,"template":"","format":"standard","meta":[],"categories":[81,70,74],"tags":[],"_links":{"self":[{"href":"http:\/\/www.europan-esp.es\/blog\/index.php?rest_route=\/wp\/v2\/posts\/2313"}],"collection":[{"href":"http:\/\/www.europan-esp.es\/blog\/index.php?rest_route=\/wp\/v2\/posts"}],"about":[{"href":"http:\/\/www.europan-esp.es\/blog\/index.php?rest_route=\/wp\/v2\/types\/post"}],"author":[{"embeddable":true,"href":"http:\/\/www.europan-esp.es\/blog\/index.php?rest_route=\/wp\/v2\/users\/1"}],"replies":[{"embeddable":true,"href":"http:\/\/www.europan-esp.es\/blog\/index.php?rest_route=%2Fwp%2Fv2%2Fcomments&post=2313"}],"version-history":[{"count":8,"href":"http:\/\/www.europan-esp.es\/blog\/index.php?rest_route=\/wp\/v2\/posts\/2313\/revisions"}],"predecessor-version":[{"id":2356,"href":"http:\/\/www.europan-esp.es\/blog\/index.php?rest_route=\/wp\/v2\/posts\/2313\/revisions\/2356"}],"wp:featuredmedia":[{"embeddable":true,"href":"http:\/\/www.europan-esp.es\/blog\/index.php?rest_route=\/wp\/v2\/media\/2314"}],"wp:attachment":[{"href":"http:\/\/www.europan-esp.es\/blog\/index.php?rest_route=%2Fwp%2Fv2%2Fmedia&parent=2313"}],"wp:term":[{"taxonomy":"category","embeddable":true,"href":"http:\/\/www.europan-esp.es\/blog\/index.php?rest_route=%2Fwp%2Fv2%2Fcategories&post=2313"},{"taxonomy":"post_tag","embeddable":true,"href":"http:\/\/www.europan-esp.es\/blog\/index.php?rest_route=%2Fwp%2Fv2%2Ftags&post=2313"}],"curies":[{"name":"wp","href":"https:\/\/api.w.org\/{rel}","templated":true}]}}