{"id":2340,"date":"2016-01-18T11:37:19","date_gmt":"2016-01-18T10:37:19","guid":{"rendered":"http:\/\/www.europan-esp.es\/blog\/?p=2340"},"modified":"2020-02-18T13:01:32","modified_gmt":"2020-02-18T12:01:32","slug":"bonelldoriga","status":"publish","type":"post","link":"http:\/\/www.europan-esp.es\/blog\/?p=2340","title":{"rendered":"BONELL+DORIGA"},"content":{"rendered":"<p><strong>EQUIPOS PREMIADOS EN EUROPAN<\/strong><\/p>\n<p><strong>EUROPAN 12<\/strong> SEGUNDO PREMIO EN <strong>N\u00dcRNBERG, ALEMANIA<\/strong>. En colaboraci\u00f3n con Pau Bajet Mena, Maria Giram\u00e9 Aumatell y \u00d3scar Linares de la Torre<br \/>\n<strong>EUROPAN 13<\/strong> MENCI\u00d3N ESPECIAL EN <strong>WARSZAWA, POLONIA<\/strong><\/p>\n<p><strong>Autores<\/strong>: <strong>Laura Bonell y Daniel L\u00f3pez-D\u00f2riga<\/strong><\/p>\n<p><a href=\"http:\/\/www.europan-esp.es\/blog\/wp-content\/uploads\/2016\/01\/foto-bonelldoriga.jpg\"><img decoding=\"async\" loading=\"lazy\" src=\"http:\/\/www.europan-esp.es\/blog\/wp-content\/uploads\/2016\/01\/foto-bonelldoriga.jpg\" alt=\"foto-bonelldoriga\" width=\"612\" height=\"408\" class=\"alignnone size-full wp-image-2348\" \/><\/a><\/p>\n<p><strong>Laura Bonell<\/strong> y <strong>Daniel L\u00f3pez-D\u00f2riga<\/strong> (Barcelona, 1987) estudiaron en la ETSAB, realizando erasmus en la Accademia di Architettura di Mendrisio y en la Technische Universit\u00e4t M\u00fcnchen, respectivamente.<\/p>\n<p>Empiezan el estudio <a href=\"http:\/\/www.bonelldoriga.com\"><strong>BONELL+DORIGA<\/strong><\/a> en 2014, donde trabajan en proyectos a diferentes escalas: desde peque\u00f1os proyectos privados hasta concursos p\u00fablicos de mayor envergadura.<\/p>\n<p>Entre otros sitios, su obra ha sido publicada en la revista italiana Casabella, como parte del n\u00famero especial de su 85 aniversario, dedicado a j\u00f3venes arquitectos.<br \/>\n<br \/>\n<strong>Reforma de un piso en la calle Rossell\u00f3, Barcelona<\/strong><\/p>\n<p><a href=\"http:\/\/www.europan-esp.es\/blog\/wp-content\/uploads\/2016\/01\/bonell-doriga_1.-Rosello.jpg\"><img decoding=\"async\" loading=\"lazy\" src=\"http:\/\/www.europan-esp.es\/blog\/wp-content\/uploads\/2016\/01\/bonell-doriga_1.-Rosello.jpg\" alt=\"bonell-doriga_1.-Rosello\" width=\"612\" height=\"882\" class=\"alignnone size-full wp-image-2344\" \/><\/a><br \/>\n<br \/>\n<strong>EUROPAN 12 N\u00fcrnberg, segundo premio<\/strong><\/p>\n<p><a href=\"http:\/\/www.europan-esp.es\/blog\/wp-content\/uploads\/2016\/01\/bonell-doriga_2.E12.jpg\"><img decoding=\"async\" loading=\"lazy\" src=\"http:\/\/www.europan-esp.es\/blog\/wp-content\/uploads\/2016\/01\/bonell-doriga_2.E12.jpg\" alt=\"bonell-doriga_2.E12\" width=\"612\" height=\"408\" class=\"alignnone size-full wp-image-2343\" \/><\/a><br \/>\n<br \/>\n<strong>Reforma de una galer\u00eda en el Ensanche de Barcelona<\/strong><\/p>\n<p><a href=\"http:\/\/www.europan-esp.es\/blog\/wp-content\/uploads\/2016\/01\/bonell-doriga_3.Galeria.jpg\"><img decoding=\"async\" loading=\"lazy\" src=\"http:\/\/www.europan-esp.es\/blog\/wp-content\/uploads\/2016\/01\/bonell-doriga_3.Galeria.jpg\" alt=\"bonell-doriga_3.Galeria\" width=\"612\" height=\"785\" class=\"alignnone size-full wp-image-2345\" \/><\/a><br \/>\n<br \/>\n<strong>Concurso en la rue St-Martin, Lausanne<\/strong><\/p>\n<p><a href=\"http:\/\/www.europan-esp.es\/blog\/wp-content\/uploads\/2016\/01\/bonell-doriga_4.Concurso-Lausanne.jpg\"><img decoding=\"async\" loading=\"lazy\" src=\"http:\/\/www.europan-esp.es\/blog\/wp-content\/uploads\/2016\/01\/bonell-doriga_4.Concurso-Lausanne.jpg\" alt=\"bonell-doriga_4.Concurso-Lausanne\" width=\"612\" height=\"728\" class=\"alignnone size-full wp-image-2346\" \/><\/a><br \/>\n<br \/>\n<strong>EUROPAN 13 Warszawa, menci\u00f3n especial<\/strong><\/p>\n<p><a href=\"http:\/\/www.europan-esp.es\/blog\/wp-content\/uploads\/2016\/01\/bonell-doriga_5.E13-Varsovia.jpg\"><img decoding=\"async\" loading=\"lazy\" src=\"http:\/\/www.europan-esp.es\/blog\/wp-content\/uploads\/2016\/01\/bonell-doriga_5.E13-Varsovia.jpg\" alt=\"bonell-doriga_5.E13-Varsovia\" width=\"612\" height=\"387\" class=\"alignnone size-full wp-image-2347\" \/><\/a><br \/>\n<br \/>\n<a href=\"http:\/\/www.bonelldoriga.com\"><strong>www.bonelldoriga.com<\/strong><\/a><\/p>\n","protected":false},"excerpt":{"rendered":"<p>EQUIPOS PREMIADOS EN EUROPAN EUROPAN 12 SEGUNDO PREMIO EN N\u00dcRNBERG, ALEMANIA. En colaboraci\u00f3n con Pau Bajet Mena, Maria Giram\u00e9 Aumatell y \u00d3scar Linares de la Torre EUROPAN 13 MENCI\u00d3N ESPECIAL EN WARSZAWA, POLONIA Autores: Laura Bonell y Daniel L\u00f3pez-D\u00f2riga Laura Bonell y Daniel L\u00f3pez-D\u00f2riga (Barcelona, 1987) estudiaron en la ETSAB, realizando erasmus en la Accademia di Architettura di Mendrisio y en la Technische Universit\u00e4t M\u00fcnchen, respectivamente. Empiezan el estudio BONELL+DORIGA en 2014, donde trabajan en proyectos a diferentes escalas: desde peque\u00f1os proyectos privados hasta concursos p\u00fablicos de mayor envergadura. Entre otros sitios, su obra ha sido publicada en la revista italiana Casabella, como parte del n\u00famero especial de su 85 aniversario, dedicado a j\u00f3venes arquitectos. Reforma de un piso en la calle Rossell\u00f3, Barcelona EUROPAN 12 N\u00fcrnberg, segundo premio Reforma de una galer\u00eda en el Ensanche de Barcelona Concurso en la rue St-Martin, Lausanne EUROPAN 13 Warszawa, menci\u00f3n especial www.bonelldoriga.com<\/p>\n","protected":false},"author":1,"featured_media":2349,"comment_status":"open","ping_status":"open","sticky":false,"template":"","format":"standard","meta":[],"categories":[81,60,70,74],"tags":[],"_links":{"self":[{"href":"http:\/\/www.europan-esp.es\/blog\/index.php?rest_route=\/wp\/v2\/posts\/2340"}],"collection":[{"href":"http:\/\/www.europan-esp.es\/blog\/index.php?rest_route=\/wp\/v2\/posts"}],"about":[{"href":"http:\/\/www.europan-esp.es\/blog\/index.php?rest_route=\/wp\/v2\/types\/post"}],"author":[{"embeddable":true,"href":"http:\/\/www.europan-esp.es\/blog\/index.php?rest_route=\/wp\/v2\/users\/1"}],"replies":[{"embeddable":true,"href":"http:\/\/www.europan-esp.es\/blog\/index.php?rest_route=%2Fwp%2Fv2%2Fcomments&post=2340"}],"version-history":[{"count":5,"href":"http:\/\/www.europan-esp.es\/blog\/index.php?rest_route=\/wp\/v2\/posts\/2340\/revisions"}],"predecessor-version":[{"id":2354,"href":"http:\/\/www.europan-esp.es\/blog\/index.php?rest_route=\/wp\/v2\/posts\/2340\/revisions\/2354"}],"wp:featuredmedia":[{"embeddable":true,"href":"http:\/\/www.europan-esp.es\/blog\/index.php?rest_route=\/wp\/v2\/media\/2349"}],"wp:attachment":[{"href":"http:\/\/www.europan-esp.es\/blog\/index.php?rest_route=%2Fwp%2Fv2%2Fmedia&parent=2340"}],"wp:term":[{"taxonomy":"category","embeddable":true,"href":"http:\/\/www.europan-esp.es\/blog\/index.php?rest_route=%2Fwp%2Fv2%2Fcategories&post=2340"},{"taxonomy":"post_tag","embeddable":true,"href":"http:\/\/www.europan-esp.es\/blog\/index.php?rest_route=%2Fwp%2Fv2%2Ftags&post=2340"}],"curies":[{"name":"wp","href":"https:\/\/api.w.org\/{rel}","templated":true}]}}