{"id":4619,"date":"2020-01-31T14:03:32","date_gmt":"2020-01-31T13:03:32","guid":{"rendered":"http:\/\/www.europan-esp.es\/blog\/?p=4619"},"modified":"2020-02-17T12:46:07","modified_gmt":"2020-02-17T11:46:07","slug":"quesar-de-caceres","status":"publish","type":"post","link":"http:\/\/www.europan-esp.es\/blog\/?p=4619","title":{"rendered":"QUESAR DE C\u00c1CERES"},"content":{"rendered":"\n<p><strong>EQUIPOS PREMIADOS EN EUROPAN\nESPA\u00d1A <\/strong><\/p>\n\n\n\n<p><strong>CASAR DE C\u00c1CERES. SEGUNDO\nPREMIO:<\/strong> QUESAR DE C\u00c1CERES<\/p>\n\n\n\n<figure class=\"wp-block-image size-large\"><img decoding=\"async\" loading=\"lazy\" width=\"612\" height=\"306\" src=\"http:\/\/www.europan-esp.es\/blog\/wp-content\/uploads\/2020\/01\/Quesar-de-Caceres_foto-de-equipo.jpg\" alt=\"\" class=\"wp-image-4620\" srcset=\"http:\/\/www.europan-esp.es\/blog\/wp-content\/uploads\/2020\/01\/Quesar-de-Caceres_foto-de-equipo.jpg 612w, http:\/\/www.europan-esp.es\/blog\/wp-content\/uploads\/2020\/01\/Quesar-de-Caceres_foto-de-equipo-300x150.jpg 300w\" sizes=\"(max-width: 612px) 100vw, 612px\" \/><\/figure>\n\n\n\n<p>Laia Prades i Riera, Patricia Mar\u00edn Arraiza, Eloi Ruana\nGiron\u00e8s<\/p>\n\n\n\n&nbsp;\n\n\n\n<p><strong>QUESAR DE C\u00c1CERES<\/strong>. SEGUNDO PREMIO EN CASAR DE C\u00c1CERES<\/p>\n\n\n\n<figure class=\"wp-block-image size-large\"><img decoding=\"async\" loading=\"lazy\" width=\"612\" height=\"866\" src=\"http:\/\/www.europan-esp.es\/blog\/wp-content\/uploads\/2020\/01\/quesar_de_caceres_communication_1.jpg\" alt=\"\" class=\"wp-image-4621\" srcset=\"http:\/\/www.europan-esp.es\/blog\/wp-content\/uploads\/2020\/01\/quesar_de_caceres_communication_1.jpg 612w, http:\/\/www.europan-esp.es\/blog\/wp-content\/uploads\/2020\/01\/quesar_de_caceres_communication_1-212x300.jpg 212w\" sizes=\"(max-width: 612px) 100vw, 612px\" \/><\/figure>\n\n\n\n<figure class=\"wp-block-image size-large\"><img decoding=\"async\" loading=\"lazy\" width=\"612\" height=\"507\" src=\"http:\/\/www.europan-esp.es\/blog\/wp-content\/uploads\/2020\/01\/quesar_de_caceres_communication_2.jpg\" alt=\"\" class=\"wp-image-4622\" srcset=\"http:\/\/www.europan-esp.es\/blog\/wp-content\/uploads\/2020\/01\/quesar_de_caceres_communication_2.jpg 612w, http:\/\/www.europan-esp.es\/blog\/wp-content\/uploads\/2020\/01\/quesar_de_caceres_communication_2-300x249.jpg 300w\" sizes=\"(max-width: 612px) 100vw, 612px\" \/><\/figure>\n\n\n\n<figure class=\"wp-block-image size-large\"><img decoding=\"async\" loading=\"lazy\" width=\"612\" height=\"774\" src=\"http:\/\/www.europan-esp.es\/blog\/wp-content\/uploads\/2020\/01\/quesar_de_caceres_communication_3.jpg\" alt=\"\" class=\"wp-image-4623\" srcset=\"http:\/\/www.europan-esp.es\/blog\/wp-content\/uploads\/2020\/01\/quesar_de_caceres_communication_3.jpg 612w, http:\/\/www.europan-esp.es\/blog\/wp-content\/uploads\/2020\/01\/quesar_de_caceres_communication_3-237x300.jpg 237w\" sizes=\"(max-width: 612px) 100vw, 612px\" \/><\/figure>\n\n\n\n&nbsp;\n\n\n\n<p><strong>Eloi Ruana Giron\u00e8s <\/strong>es Arquitecto por la Escuela T\u00e9cnica Superior de\nArquitectura de Barcelona (ETSAB-UPC), m\u00e1ster en Arquitectura por la\nEscuela T\u00e9cnica Superior de Arquitectura de Madrid (ETSAM-UPM) y estudi\u00f3 en el\nIllinois Institute of Technology (IIT).\nDesarrollando su carrera profesional en Espa\u00f1a, Estados Unidos y China. Actualmente\nes socio de HCD international. Inc y trabaja como arquitecto en el Templo\nExpiatorio de la Sagrada Familia. Su recorrido incluye trabajo en despachos\ncomo Miralles Tagliabue EMBT en Barcelona, Zoka Zola Architecture plus Urban design\ny HDR.inc en Chicago. Ha colaborado con el College of Architecture en el Illinois\nInstitute of Technology as\u00ed como con el IUAV, Istituto Universitario\nDi Architettura Venezia. Ha coordinado\nworkshops internacionales entre el Illinois Institute of Technology, la Escuela\nT\u00e9cnica Superior de Arquitectura de Barcelona y la Escuela de Arquitectura de\nReus. <\/p>\n\n\n\n&nbsp;\n\n\n\n<p><strong>Laia Prades i Riera <\/strong>es Arquitecta por la Escuela T\u00e9cnica\nSuperior de Arquitectura de Barcelona (ETSAB-UPC), m\u00e1ster en arquitectura por\nla misma y posgraduada en BIM Management por la Universidad la Salle \u2013 Ramon\nLlull. Ha desarrollado su carrera profesional en Barcelona, dando especial\n\u00e9nfasis al \u00e1mbito de la rehabilitaci\u00f3n, el sector inmobiliario y de la\nconstrucci\u00f3n. <\/p>\n\n\n\n&nbsp;\n\n\n\n<p><strong>Patricia Mar\u00edn Arraiza<\/strong> es\nArquitecta y Master por la Escuela T\u00e9cnica Superior de Arquitectura de Madrid\n(ETSAM-UPM) y ha desarrollado su carrera profesional en Chicago, trabajando con\nHelmut Jahn y Perkins&amp;Will y colaborando con el <em>College of Architecture<\/em> en el <em>Illinois Institute of Technology<\/em>.\nActualmente reside en Toronto, donde trabaja como arquitecta en Diamond\nSchmitt Architects.<\/p>\n\n\n\n&nbsp;\n\n\n\n<p>Los tres miembros del\nequipo han participado en diferentes proyectos personales juntos, aunque por el\nmomento los tres lo compaginan con sus actividades profesionales de manera\nindividual.<\/p>\n\n\n\n&nbsp;\n\n\n\n<p><strong>Eloi y Laia<\/strong> colaboran\nen diversos proyectos residenciales en Barcelona, tratando temas como la adaptaci\u00f3n\nde nuevos espacios en edificios existentes, nueva construcci\u00f3n, etc.&nbsp; &nbsp;<\/p>\n\n\n\n&nbsp;\n\n\n\n<p><strong>Patricia y Eloi<\/strong>\nhan trabajado en distintos concursos y propuestas urbanas. Cabe destacar su\npropuesta <em>\u201cNowhere now somewhere\u201d<\/em>, desarrollo urbano para una zona\nresidencial del Sur de Chicago, donde se implementaba un nuevo nodo de\ncomunicaciones con espacios p\u00fablicos y productivos. La propuesta fue expuesta\nen segunda Bienal de Arquitectura de Chicago (septiembre 2017 \u2013 enero 2018) en\nla exposici\u00f3n <em>\u201cBetween States\u201d<\/em> organizada por el Chicago Architecture\nCenter (CAC).<\/p>\n\n\n\n<p>   &nbsp;<\/p>\n\n\n\n<figure class=\"wp-block-image size-large\"><img decoding=\"async\" loading=\"lazy\" width=\"612\" height=\"897\" src=\"http:\/\/www.europan-esp.es\/blog\/wp-content\/uploads\/2020\/01\/Chicago-Biennial.jpg\" alt=\"\" class=\"wp-image-4624\" srcset=\"http:\/\/www.europan-esp.es\/blog\/wp-content\/uploads\/2020\/01\/Chicago-Biennial.jpg 612w, http:\/\/www.europan-esp.es\/blog\/wp-content\/uploads\/2020\/01\/Chicago-Biennial-205x300.jpg 205w\" sizes=\"(max-width: 612px) 100vw, 612px\" \/><figcaption>Chicago Biennial<\/figcaption><\/figure>\n\n\n\n&nbsp;\n\n\n\n<p>Tambi\u00e9n han\ntrabajado en un Proyecto de investigaci\u00f3n en la Terra Alta, Catalu\u00f1a, en colaboraci\u00f3n con la UPC (Universitat Polit\u00e8cnica de Catalunya) y el IIT (Illinois\nInstitute of Technology) donde se propon\u00edan diferentes soluciones para una\nregi\u00f3n entera, teniendo en cuenta criterios de poblaci\u00f3n, econom\u00eda y geograf\u00eda.<\/p>\n\n\n\n&nbsp;\n\n\n\n<figure class=\"wp-block-image size-large\"><img decoding=\"async\" loading=\"lazy\" width=\"612\" height=\"603\" src=\"http:\/\/www.europan-esp.es\/blog\/wp-content\/uploads\/2020\/01\/Terra-Alta-estrategia-y-propuesta-territorial.jpg\" alt=\"\" class=\"wp-image-4625\" srcset=\"http:\/\/www.europan-esp.es\/blog\/wp-content\/uploads\/2020\/01\/Terra-Alta-estrategia-y-propuesta-territorial.jpg 612w, http:\/\/www.europan-esp.es\/blog\/wp-content\/uploads\/2020\/01\/Terra-Alta-estrategia-y-propuesta-territorial-300x296.jpg 300w, http:\/\/www.europan-esp.es\/blog\/wp-content\/uploads\/2020\/01\/Terra-Alta-estrategia-y-propuesta-territorial-50x50.jpg 50w\" sizes=\"(max-width: 612px) 100vw, 612px\" \/><figcaption>Terra alta. Estrategia y propuesta territorial<\/figcaption><\/figure>\n\n\n\n<p>   &nbsp;<\/p>\n\n\n\n<figure class=\"wp-block-image size-large\"><img decoding=\"async\" loading=\"lazy\" width=\"612\" height=\"636\" src=\"http:\/\/www.europan-esp.es\/blog\/wp-content\/uploads\/2020\/01\/Terra-Alta-diagrama-de-estrategia-y-oportunidades.jpg\" alt=\"\" class=\"wp-image-4626\" srcset=\"http:\/\/www.europan-esp.es\/blog\/wp-content\/uploads\/2020\/01\/Terra-Alta-diagrama-de-estrategia-y-oportunidades.jpg 612w, http:\/\/www.europan-esp.es\/blog\/wp-content\/uploads\/2020\/01\/Terra-Alta-diagrama-de-estrategia-y-oportunidades-289x300.jpg 289w\" sizes=\"(max-width: 612px) 100vw, 612px\" \/><figcaption>Terra alta. Diagrama de estrategia y oportunidades<\/figcaption><\/figure>\n\n\n\n<p>   &nbsp;<\/p>\n\n\n\n&nbsp;\n\n\n\n<p class=\"has-text-align-center\"><strong>Nombre\ndel emplazamiento: <\/strong>Casar de C\u00e1ceres<\/p>\n\n\n\n<p class=\"has-text-align-center\"><strong>T\u00edtulo\ndel proyecto: <\/strong>Quesar de C\u00e1ceres<\/p>\n\n\n\n<p class=\"has-text-align-center\"><strong>Autores:\n<\/strong>Eloi Ruana Giron\u00e8s, Laia Prades i Riera,\nPatricia Mar\u00edn Arraiza<\/p>\n","protected":false},"excerpt":{"rendered":"<p>EQUIPOS PREMIADOS EN EUROPAN ESPA\u00d1A CASAR DE C\u00c1CERES. SEGUNDO PREMIO: QUESAR DE C\u00c1CERES Laia Prades i Riera, Patricia Mar\u00edn Arraiza, Eloi Ruana Giron\u00e8s &nbsp; QUESAR DE C\u00c1CERES. SEGUNDO PREMIO EN CASAR DE C\u00c1CERES &nbsp; Eloi Ruana Giron\u00e8s es Arquitecto por la Escuela T\u00e9cnica Superior de Arquitectura de Barcelona (ETSAB-UPC), m\u00e1ster en Arquitectura por la Escuela T\u00e9cnica Superior de Arquitectura de Madrid (ETSAM-UPM) y estudi\u00f3 en el Illinois Institute of Technology (IIT). Desarrollando su carrera profesional en Espa\u00f1a, Estados Unidos y China. Actualmente es socio de HCD international. Inc y trabaja como arquitecto en el Templo Expiatorio de la Sagrada Familia. Su recorrido incluye trabajo en despachos como Miralles Tagliabue EMBT en Barcelona, Zoka Zola Architecture plus Urban design y HDR.inc en Chicago. Ha colaborado con el College of Architecture en el Illinois Institute of Technology as\u00ed como con el IUAV, Istituto Universitario Di Architettura Venezia. Ha coordinado workshops internacionales entre el Illinois Institute of Technology, la Escuela T\u00e9cnica Superior de Arquitectura de Barcelona y la Escuela de Arquitectura de Reus. &nbsp; Laia Prades i Riera es Arquitecta por la Escuela T\u00e9cnica Superior de Arquitectura de Barcelona (ETSAB-UPC), m\u00e1ster en arquitectura por la misma y posgraduada en BIM Management por la [&hellip;]<\/p>\n","protected":false},"author":1,"featured_media":4631,"comment_status":"open","ping_status":"open","sticky":false,"template":"","format":"standard","meta":[],"categories":[81,72,74],"tags":[],"_links":{"self":[{"href":"http:\/\/www.europan-esp.es\/blog\/index.php?rest_route=\/wp\/v2\/posts\/4619"}],"collection":[{"href":"http:\/\/www.europan-esp.es\/blog\/index.php?rest_route=\/wp\/v2\/posts"}],"about":[{"href":"http:\/\/www.europan-esp.es\/blog\/index.php?rest_route=\/wp\/v2\/types\/post"}],"author":[{"embeddable":true,"href":"http:\/\/www.europan-esp.es\/blog\/index.php?rest_route=\/wp\/v2\/users\/1"}],"replies":[{"embeddable":true,"href":"http:\/\/www.europan-esp.es\/blog\/index.php?rest_route=%2Fwp%2Fv2%2Fcomments&post=4619"}],"version-history":[{"count":4,"href":"http:\/\/www.europan-esp.es\/blog\/index.php?rest_route=\/wp\/v2\/posts\/4619\/revisions"}],"predecessor-version":[{"id":4630,"href":"http:\/\/www.europan-esp.es\/blog\/index.php?rest_route=\/wp\/v2\/posts\/4619\/revisions\/4630"}],"wp:featuredmedia":[{"embeddable":true,"href":"http:\/\/www.europan-esp.es\/blog\/index.php?rest_route=\/wp\/v2\/media\/4631"}],"wp:attachment":[{"href":"http:\/\/www.europan-esp.es\/blog\/index.php?rest_route=%2Fwp%2Fv2%2Fmedia&parent=4619"}],"wp:term":[{"taxonomy":"category","embeddable":true,"href":"http:\/\/www.europan-esp.es\/blog\/index.php?rest_route=%2Fwp%2Fv2%2Fcategories&post=4619"},{"taxonomy":"post_tag","embeddable":true,"href":"http:\/\/www.europan-esp.es\/blog\/index.php?rest_route=%2Fwp%2Fv2%2Ftags&post=4619"}],"curies":[{"name":"wp","href":"https:\/\/api.w.org\/{rel}","templated":true}]}}