{"id":4660,"date":"2020-01-31T14:01:14","date_gmt":"2020-01-31T13:01:14","guid":{"rendered":"http:\/\/www.europan-esp.es\/blog\/?p=4660"},"modified":"2020-02-19T11:50:35","modified_gmt":"2020-02-19T10:50:35","slug":"urban-biotope","status":"publish","type":"post","link":"http:\/\/www.europan-esp.es\/blog\/?p=4660","title":{"rendered":"URBAN BIOTOPE"},"content":{"rendered":"\n<p><strong>EQUIPOS\nPREMIADOS EN EUROPAN 15<\/strong><\/p>\n\n\n\n<p><strong>MADRID &#8211; LA\nARBOLEDA. BIOTOPO URBANO. MENCI\u00d3N ESPECIAL<\/strong><\/p>\n\n\n\n<figure class=\"wp-block-image size-large\"><img decoding=\"async\" loading=\"lazy\" width=\"612\" height=\"459\" src=\"http:\/\/www.europan-esp.es\/blog\/wp-content\/uploads\/2020\/01\/01-Imagen-equipo.jpg\" alt=\"\" class=\"wp-image-4661\" srcset=\"http:\/\/www.europan-esp.es\/blog\/wp-content\/uploads\/2020\/01\/01-Imagen-equipo.jpg 612w, http:\/\/www.europan-esp.es\/blog\/wp-content\/uploads\/2020\/01\/01-Imagen-equipo-300x225.jpg 300w\" sizes=\"(max-width: 612px) 100vw, 612px\" \/><\/figure>\n\n\n\n<p>Jaime Llorente\nSanz<\/p>\n\n\n\n&nbsp;\n\n\n\n<p><strong>Jaime Llorente Sanz<\/strong> es el fundador de <strong>Estudio Perpendicular<\/strong>. Investigador Doctoral en el Departamento de Proyectos Arquitect\u00f3nicos de la Escuela T\u00e9cnica Superior de Arquitectura de Madrid (ETSAM). M\u00e1ster en Proyectos Arquitect\u00f3nicos Avanzados por la ETSAM, especializaci\u00f3n en Arquitectura y Urbanismo del Paisaje. Arquitecto por la Universidad Alfonso X El Sabio, donde estudio becado por el Exmo. Ayto. de Villanueva de la Ca\u00f1ada. Ha impartido clases en la Unidad Docente Dar\u00edo Gazapo en la ETSAM. Ha sido conferenciante en la ETSAM y en la Istanbul Technical University. Ha publicado varios art\u00edculos cient\u00edficos en revistas indexadas en el \u00e1rea de arquitectura, urbanismo y conocimiento.<\/p>\n\n\n\n&nbsp;\n\n\n\n<p><strong>MENCI\u00d3N ESPECIAL EN MADRID-LA ARBOLEDA. BIOTOPO URBANO<\/strong><\/p>\n\n\n\n<figure class=\"wp-block-image size-large\"><img decoding=\"async\" loading=\"lazy\" width=\"612\" height=\"924\" src=\"http:\/\/www.europan-esp.es\/blog\/wp-content\/uploads\/2020\/01\/pt273_urban_biotope_20190728_1826_communication_1.jpg\" alt=\"\" class=\"wp-image-4662\" srcset=\"http:\/\/www.europan-esp.es\/blog\/wp-content\/uploads\/2020\/01\/pt273_urban_biotope_20190728_1826_communication_1.jpg 612w, http:\/\/www.europan-esp.es\/blog\/wp-content\/uploads\/2020\/01\/pt273_urban_biotope_20190728_1826_communication_1-199x300.jpg 199w\" sizes=\"(max-width: 612px) 100vw, 612px\" \/><\/figure>\n\n\n\n<figure class=\"wp-block-image size-large\"><img decoding=\"async\" loading=\"lazy\" width=\"612\" height=\"707\" src=\"http:\/\/www.europan-esp.es\/blog\/wp-content\/uploads\/2020\/01\/03-urban_biotope_2.jpg\" alt=\"\" class=\"wp-image-4663\" srcset=\"http:\/\/www.europan-esp.es\/blog\/wp-content\/uploads\/2020\/01\/03-urban_biotope_2.jpg 612w, http:\/\/www.europan-esp.es\/blog\/wp-content\/uploads\/2020\/01\/03-urban_biotope_2-260x300.jpg 260w\" sizes=\"(max-width: 612px) 100vw, 612px\" \/><\/figure>\n\n\n\n<figure class=\"wp-block-image size-large\"><img decoding=\"async\" loading=\"lazy\" width=\"612\" height=\"261\" src=\"http:\/\/www.europan-esp.es\/blog\/wp-content\/uploads\/2020\/01\/04-urban_biotope_3.jpg\" alt=\"\" class=\"wp-image-4664\" srcset=\"http:\/\/www.europan-esp.es\/blog\/wp-content\/uploads\/2020\/01\/04-urban_biotope_3.jpg 612w, http:\/\/www.europan-esp.es\/blog\/wp-content\/uploads\/2020\/01\/04-urban_biotope_3-300x128.jpg 300w\" sizes=\"(max-width: 612px) 100vw, 612px\" \/><\/figure>\n\n\n\n&nbsp;\n\n\n\n<p><strong>Javier\nLlorente Sanz<\/strong> es\narquitecto t\u00e9cnico e ingeniero de la edificaci\u00f3n por la Universidad Alfonso X\nEl Sabio y Universidad Camilo Jos\u00e9 Cela respectivamente.<\/p>\n\n\n\n&nbsp;\n\n\n\n<figure class=\"wp-block-image size-large\"><img decoding=\"async\" loading=\"lazy\" width=\"612\" height=\"447\" src=\"http:\/\/www.europan-esp.es\/blog\/wp-content\/uploads\/2020\/01\/05-reforma-vivienda-unifamiliar-salon-0.jpg\" alt=\"\" class=\"wp-image-4665\" srcset=\"http:\/\/www.europan-esp.es\/blog\/wp-content\/uploads\/2020\/01\/05-reforma-vivienda-unifamiliar-salon-0.jpg 612w, http:\/\/www.europan-esp.es\/blog\/wp-content\/uploads\/2020\/01\/05-reforma-vivienda-unifamiliar-salon-0-300x219.jpg 300w\" sizes=\"(max-width: 612px) 100vw, 612px\" \/><\/figure>\n\n\n\n<figure class=\"wp-block-image size-large\"><img decoding=\"async\" loading=\"lazy\" width=\"612\" height=\"410\" src=\"http:\/\/www.europan-esp.es\/blog\/wp-content\/uploads\/2020\/01\/06-DSC_0175.jpg\" alt=\"\" class=\"wp-image-4666\" srcset=\"http:\/\/www.europan-esp.es\/blog\/wp-content\/uploads\/2020\/01\/06-DSC_0175.jpg 612w, http:\/\/www.europan-esp.es\/blog\/wp-content\/uploads\/2020\/01\/06-DSC_0175-300x201.jpg 300w\" sizes=\"(max-width: 612px) 100vw, 612px\" \/><\/figure>\n\n\n\n<figure class=\"wp-block-image size-large\"><img decoding=\"async\" loading=\"lazy\" width=\"612\" height=\"612\" src=\"http:\/\/www.europan-esp.es\/blog\/wp-content\/uploads\/2020\/01\/07-Nurja_Imagen_5.jpg\" alt=\"\" class=\"wp-image-4667\" srcset=\"http:\/\/www.europan-esp.es\/blog\/wp-content\/uploads\/2020\/01\/07-Nurja_Imagen_5.jpg 612w, http:\/\/www.europan-esp.es\/blog\/wp-content\/uploads\/2020\/01\/07-Nurja_Imagen_5-300x300.jpg 300w, http:\/\/www.europan-esp.es\/blog\/wp-content\/uploads\/2020\/01\/07-Nurja_Imagen_5-290x290.jpg 290w, http:\/\/www.europan-esp.es\/blog\/wp-content\/uploads\/2020\/01\/07-Nurja_Imagen_5-50x50.jpg 50w\" sizes=\"(max-width: 612px) 100vw, 612px\" \/><\/figure>\n\n\n\n<figure class=\"wp-block-image size-large\"><img decoding=\"async\" loading=\"lazy\" width=\"612\" height=\"433\" src=\"http:\/\/www.europan-esp.es\/blog\/wp-content\/uploads\/2020\/01\/08-EMV_VISTA-CUBIERTA.jpg\" alt=\"\" class=\"wp-image-4668\" srcset=\"http:\/\/www.europan-esp.es\/blog\/wp-content\/uploads\/2020\/01\/08-EMV_VISTA-CUBIERTA.jpg 612w, http:\/\/www.europan-esp.es\/blog\/wp-content\/uploads\/2020\/01\/08-EMV_VISTA-CUBIERTA-300x212.jpg 300w\" sizes=\"(max-width: 612px) 100vw, 612px\" \/><\/figure>\n\n\n\n&nbsp;\n\n\n\n<p><em>Pensamos que la arquitectura debe emocionar. M\u00e1s all\u00e1 de cumplir los requisitos funcionales y medio ambientales, que consideramos b\u00e1sicos e ineludibles para toda construcci\u00f3n, un lugar tiene que provocar emociones.<\/em><\/p>\n\n\n\n&nbsp;\n\n\n\n<figure class=\"wp-block-image size-large\"><img decoding=\"async\" loading=\"lazy\" width=\"612\" height=\"434\" src=\"http:\/\/www.europan-esp.es\/blog\/wp-content\/uploads\/2020\/01\/09-Vivienda-Castillo-de-Malpica_planta-100.jpg\" alt=\"\" class=\"wp-image-4669\" srcset=\"http:\/\/www.europan-esp.es\/blog\/wp-content\/uploads\/2020\/01\/09-Vivienda-Castillo-de-Malpica_planta-100.jpg 612w, http:\/\/www.europan-esp.es\/blog\/wp-content\/uploads\/2020\/01\/09-Vivienda-Castillo-de-Malpica_planta-100-300x213.jpg 300w\" sizes=\"(max-width: 612px) 100vw, 612px\" \/><\/figure>\n\n\n\n<figure class=\"wp-block-image size-large\"><img decoding=\"async\" loading=\"lazy\" width=\"612\" height=\"373\" src=\"http:\/\/www.europan-esp.es\/blog\/wp-content\/uploads\/2020\/01\/10-Vivienda-Casillo-de-Malpica_vista-3d_2.jpg\" alt=\"\" class=\"wp-image-4670\" srcset=\"http:\/\/www.europan-esp.es\/blog\/wp-content\/uploads\/2020\/01\/10-Vivienda-Casillo-de-Malpica_vista-3d_2.jpg 612w, http:\/\/www.europan-esp.es\/blog\/wp-content\/uploads\/2020\/01\/10-Vivienda-Casillo-de-Malpica_vista-3d_2-300x183.jpg 300w\" sizes=\"(max-width: 612px) 100vw, 612px\" \/><figcaption>Vivienda en Castillo de Malpica<\/figcaption><\/figure>\n\n\n\n&nbsp;\n\n\n\n<p><em>Nos hemos especializado en buscar la emoci\u00f3n en cada dise\u00f1o que realizamos, nos parece imprescindible este factor emocional para que los edificios sean algo m\u00e1s que simples construcciones.<\/em><\/p>\n\n\n\n&nbsp;\n\n\n\n<figure class=\"wp-block-image size-large\"><img decoding=\"async\" loading=\"lazy\" width=\"612\" height=\"288\" src=\"http:\/\/www.europan-esp.es\/blog\/wp-content\/uploads\/2020\/01\/11-Mercado-de-Abastos-Roquetas-de-Mar-1_.jpg\" alt=\"\" class=\"wp-image-4671\" srcset=\"http:\/\/www.europan-esp.es\/blog\/wp-content\/uploads\/2020\/01\/11-Mercado-de-Abastos-Roquetas-de-Mar-1_.jpg 612w, http:\/\/www.europan-esp.es\/blog\/wp-content\/uploads\/2020\/01\/11-Mercado-de-Abastos-Roquetas-de-Mar-1_-300x141.jpg 300w\" sizes=\"(max-width: 612px) 100vw, 612px\" \/><\/figure>\n\n\n\n<figure class=\"wp-block-image size-large\"><img decoding=\"async\" loading=\"lazy\" width=\"612\" height=\"97\" src=\"http:\/\/www.europan-esp.es\/blog\/wp-content\/uploads\/2020\/01\/12-Mercado-de-Abastos-Roquetas-de-Mar_Seccion.jpg\" alt=\"\" class=\"wp-image-4672\" srcset=\"http:\/\/www.europan-esp.es\/blog\/wp-content\/uploads\/2020\/01\/12-Mercado-de-Abastos-Roquetas-de-Mar_Seccion.jpg 612w, http:\/\/www.europan-esp.es\/blog\/wp-content\/uploads\/2020\/01\/12-Mercado-de-Abastos-Roquetas-de-Mar_Seccion-300x48.jpg 300w\" sizes=\"(max-width: 612px) 100vw, 612px\" \/><figcaption>Mercado de abastos en Roquetas de Mar<\/figcaption><\/figure>\n\n\n\n&nbsp;\n\n\n\n&nbsp;\n\n\n\n<figure class=\"wp-block-image size-large\"><img decoding=\"async\" loading=\"lazy\" width=\"612\" height=\"102\" src=\"http:\/\/www.europan-esp.es\/blog\/wp-content\/uploads\/2020\/01\/x-Imagen1.jpg\" alt=\"\" class=\"wp-image-4673\" srcset=\"http:\/\/www.europan-esp.es\/blog\/wp-content\/uploads\/2020\/01\/x-Imagen1.jpg 612w, http:\/\/www.europan-esp.es\/blog\/wp-content\/uploads\/2020\/01\/x-Imagen1-300x50.jpg 300w\" sizes=\"(max-width: 612px) 100vw, 612px\" \/><\/figure>\n\n\n\n<p class=\"has-text-align-center\"><a href=\"mailto:estudio@estudioperpendicular.com\"><strong>estudio@estudioperpendicular.com<\/strong><\/a><strong><\/strong><\/p>\n\n\n\n<p class=\"has-text-align-center\"><a href=\"http:\/\/www.estudioperpendicular.com\"><strong>www.estudioperpendicular.com<\/strong><\/a><\/p>\n","protected":false},"excerpt":{"rendered":"<p>EQUIPOS PREMIADOS EN EUROPAN 15 MADRID &#8211; LA ARBOLEDA. BIOTOPO URBANO. MENCI\u00d3N ESPECIAL Jaime Llorente Sanz &nbsp; Jaime Llorente Sanz es el fundador de Estudio Perpendicular. Investigador Doctoral en el Departamento de Proyectos Arquitect\u00f3nicos de la Escuela T\u00e9cnica Superior de Arquitectura de Madrid (ETSAM). M\u00e1ster en Proyectos Arquitect\u00f3nicos Avanzados por la ETSAM, especializaci\u00f3n en Arquitectura y Urbanismo del Paisaje. Arquitecto por la Universidad Alfonso X El Sabio, donde estudio becado por el Exmo. Ayto. de Villanueva de la Ca\u00f1ada. Ha impartido clases en la Unidad Docente Dar\u00edo Gazapo en la ETSAM. Ha sido conferenciante en la ETSAM y en la Istanbul Technical University. Ha publicado varios art\u00edculos cient\u00edficos en revistas indexadas en el \u00e1rea de arquitectura, urbanismo y conocimiento. &nbsp; MENCI\u00d3N ESPECIAL EN MADRID-LA ARBOLEDA. BIOTOPO URBANO &nbsp; Javier Llorente Sanz es arquitecto t\u00e9cnico e ingeniero de la edificaci\u00f3n por la Universidad Alfonso X El Sabio y Universidad Camilo Jos\u00e9 Cela respectivamente. &nbsp; &nbsp; Pensamos que la arquitectura debe emocionar. M\u00e1s all\u00e1 de cumplir los requisitos funcionales y medio ambientales, que consideramos b\u00e1sicos e ineludibles para toda construcci\u00f3n, un lugar tiene que provocar emociones. &nbsp; &nbsp; Nos hemos especializado en buscar la emoci\u00f3n en cada dise\u00f1o que realizamos, nos parece [&hellip;]<\/p>\n","protected":false},"author":1,"featured_media":4689,"comment_status":"open","ping_status":"open","sticky":false,"template":"","format":"standard","meta":[],"categories":[81,72,74],"tags":[],"_links":{"self":[{"href":"http:\/\/www.europan-esp.es\/blog\/index.php?rest_route=\/wp\/v2\/posts\/4660"}],"collection":[{"href":"http:\/\/www.europan-esp.es\/blog\/index.php?rest_route=\/wp\/v2\/posts"}],"about":[{"href":"http:\/\/www.europan-esp.es\/blog\/index.php?rest_route=\/wp\/v2\/types\/post"}],"author":[{"embeddable":true,"href":"http:\/\/www.europan-esp.es\/blog\/index.php?rest_route=\/wp\/v2\/users\/1"}],"replies":[{"embeddable":true,"href":"http:\/\/www.europan-esp.es\/blog\/index.php?rest_route=%2Fwp%2Fv2%2Fcomments&post=4660"}],"version-history":[{"count":4,"href":"http:\/\/www.europan-esp.es\/blog\/index.php?rest_route=\/wp\/v2\/posts\/4660\/revisions"}],"predecessor-version":[{"id":4851,"href":"http:\/\/www.europan-esp.es\/blog\/index.php?rest_route=\/wp\/v2\/posts\/4660\/revisions\/4851"}],"wp:featuredmedia":[{"embeddable":true,"href":"http:\/\/www.europan-esp.es\/blog\/index.php?rest_route=\/wp\/v2\/media\/4689"}],"wp:attachment":[{"href":"http:\/\/www.europan-esp.es\/blog\/index.php?rest_route=%2Fwp%2Fv2%2Fmedia&parent=4660"}],"wp:term":[{"taxonomy":"category","embeddable":true,"href":"http:\/\/www.europan-esp.es\/blog\/index.php?rest_route=%2Fwp%2Fv2%2Fcategories&post=4660"},{"taxonomy":"post_tag","embeddable":true,"href":"http:\/\/www.europan-esp.es\/blog\/index.php?rest_route=%2Fwp%2Fv2%2Ftags&post=4660"}],"curies":[{"name":"wp","href":"https:\/\/api.w.org\/{rel}","templated":true}]}}