{"id":4884,"date":"2020-02-26T11:25:03","date_gmt":"2020-02-26T10:25:03","guid":{"rendered":"http:\/\/www.europan-esp.es\/blog\/?p=4884"},"modified":"2020-02-26T11:25:05","modified_gmt":"2020-02-26T10:25:05","slug":"winwinoffice","status":"publish","type":"post","link":"http:\/\/www.europan-esp.es\/blog\/?p=4884","title":{"rendered":"WINWINOFFICE"},"content":{"rendered":"\n<p><strong>EQUIPOS PREMIADOS EN EUROPAN<\/strong><\/p>\n\n\n\n<p><strong>PRIMER PREMIO EN GRAZ, AUSTRIA: 47Nord15Ost. winwinoffice<\/strong><\/p>\n\n\n\n&nbsp;\n\n\n\n<figure class=\"wp-block-image size-large\"><img decoding=\"async\" loading=\"lazy\" width=\"612\" height=\"408\" src=\"http:\/\/www.europan-esp.es\/blog\/wp-content\/uploads\/2020\/02\/00-47Nord15Ost_Graz_Foto-equipo.jpg\" alt=\"\" class=\"wp-image-4885\" srcset=\"http:\/\/www.europan-esp.es\/blog\/wp-content\/uploads\/2020\/02\/00-47Nord15Ost_Graz_Foto-equipo.jpg 612w, http:\/\/www.europan-esp.es\/blog\/wp-content\/uploads\/2020\/02\/00-47Nord15Ost_Graz_Foto-equipo-300x200.jpg 300w\" sizes=\"(max-width: 612px) 100vw, 612px\" \/><figcaption> <strong>Paula Godoy Guti\u00e9rrez, Alessandro Tal\u00f2, Celia Cardona Cava, Luigi Costamagna, Lorenzo Giampietro y Gabriele Cagini.<\/strong> Foto: Mattia Cattaneo <\/figcaption><\/figure>\n\n\n\n&nbsp;\n\n\n\n<p><strong>winwinoffice<\/strong> es un joven estudio colaborativo de arquitectura y dise\u00f1o urbano fundado en 2017 por los arquitectos <strong>Celia Cardona Cava<\/strong> y <strong>Luigi Costamagna<\/strong>. <\/p>\n\n\n\n&nbsp;\n\n\n\n<p>Est\u00e1 focalizado en valorizar\nla dimensi\u00f3n humana de los proyectos como impulsora principal a cualquier\nescala. Su car\u00e1cter abierto favorece la colaboraci\u00f3n con profesionales de\ncampos muy diferentes. Actualmente est\u00e1 ubicado en Mil\u00e1n (Italia) pero mantiene\nuna naturaleza n\u00f3mada.<\/p>\n\n\n\n&nbsp;\n\n\n\n<p><strong>Celia Cardona Cava<\/strong> (Valencia, 1989) es arquitecta t\u00e9cnica por la Universidad Polit\u00e9cnica de Valencia (ETSIE \u2013 UPV) y arquitecta por la Scuola di Architettura Civile del Politecnico di Milano, Italia. <\/p>\n\n\n\n<p><strong>Luigi Costamagna<\/strong> (Perugia, IT, 1990) es arquitecto por la Scuola di Architettura Civile del Politecnico di Milano, Italia.<\/p>\n\n\n\n&nbsp;\n\n\n\n<p>Para el concurso <strong>EUROPAN 15<\/strong>, el equipo de trabajo estuvo compuesto, adem\u00e1s, por los siguientes colaboradores: <strong>Gabriele Cagini<\/strong> (1991) economista por la Universit\u00e0 di Bologna; Alessandro Tal\u00f2 (1988) arquitecto por la Universit\u00e0 \u201cGabriele D\u2019Annunzio\u201d di Chieti e Pescara; <strong>Lorenzo Giampietro<\/strong> (1983) arque\u00f3logo por la Universit\u00e0 \u201cGabriele D\u2019Annunzio\u201d di Chieti e Pescara y <strong>Paula Camila Godoy Guti\u00e9rrez<\/strong> (1991) arquitecta por la Universidad Piloto de Bogot\u00e1 y dise\u00f1adora de interiores por el Politecnico di Milano. <\/p>\n\n\n\n&nbsp;\n\n\n\n<figure class=\"wp-block-image size-large\"><img decoding=\"async\" loading=\"lazy\" width=\"612\" height=\"344\" src=\"http:\/\/www.europan-esp.es\/blog\/wp-content\/uploads\/2020\/02\/01.jpg\" alt=\"\" class=\"wp-image-4886\" srcset=\"http:\/\/www.europan-esp.es\/blog\/wp-content\/uploads\/2020\/02\/01.jpg 612w, http:\/\/www.europan-esp.es\/blog\/wp-content\/uploads\/2020\/02\/01-300x169.jpg 300w\" sizes=\"(max-width: 612px) 100vw, 612px\" \/><figcaption> <em>EUROPAN 15. Puchstrasse evolutive masterplan. From horizontal to vertical factories.<\/em> <\/figcaption><\/figure>\n\n\n\n<p style=\"font-size:12px\" class=\"has-text-align-center\"><\/p>\n\n\n\n&nbsp;\n\n\n\n<figure class=\"wp-block-image size-large\"><img decoding=\"async\" loading=\"lazy\" width=\"612\" height=\"408\" src=\"http:\/\/www.europan-esp.es\/blog\/wp-content\/uploads\/2020\/02\/02.jpg\" alt=\"\" class=\"wp-image-4887\" srcset=\"http:\/\/www.europan-esp.es\/blog\/wp-content\/uploads\/2020\/02\/02.jpg 612w, http:\/\/www.europan-esp.es\/blog\/wp-content\/uploads\/2020\/02\/02-300x200.jpg 300w\" sizes=\"(max-width: 612px) 100vw, 612px\" \/><figcaption> <em>EUROPAN 15. Exterior view of the productive hub. <a>Visualizer:<\/a> Alessandro Tal\u00f2.<\/em> <\/figcaption><\/figure>\n\n\n\n<p style=\"font-size:12px\" class=\"has-text-align-center\"><\/p>\n\n\n\n&nbsp;\n\n\n\n<figure class=\"wp-block-image size-large\"><img decoding=\"async\" loading=\"lazy\" width=\"612\" height=\"408\" src=\"http:\/\/www.europan-esp.es\/blog\/wp-content\/uploads\/2020\/02\/03.jpg\" alt=\"\" class=\"wp-image-4888\" srcset=\"http:\/\/www.europan-esp.es\/blog\/wp-content\/uploads\/2020\/02\/03.jpg 612w, http:\/\/www.europan-esp.es\/blog\/wp-content\/uploads\/2020\/02\/03-300x200.jpg 300w\" sizes=\"(max-width: 612px) 100vw, 612px\" \/><figcaption> <em>EUROPAN 15. Interior view of the productive hub. Visualizer: Lorenzo Giampietro.<\/em> <\/figcaption><\/figure>\n\n\n\n<p style=\"font-size:12px\" class=\"has-text-align-center\"><\/p>\n\n\n\n&nbsp;\n\n\n\n<p>La idea metodol\u00f3gica que subyace en <strong>EUROPAN 15<\/strong>, como fundamento principal de su trabajo, es la de formar equipos multidisciplinarios siempre diferentes, a medida de cada proyecto, para investigar a fondo todos los problemas urbanos, sociales y econ\u00f3micos de un contexto y sucesivamente proporcionar una respuesta colectiva.<\/p>\n\n\n\n<p>El proyecto de <strong>EUROPAN en Gra<\/strong>z propone la transici\u00f3n del sistema horizontal tradicional de las f\u00e1bricas a un sistema de f\u00e1brica vertical que permite liberar un mayor espacio a nivel de suelo y que, por tanto, permite nuevos espacios y funciones para el barrio. La densidad aumenta de manera eficiente mediante la creaci\u00f3n de sinergias entre las empresas ya establecidas y las futuras, evolucionando tambi\u00e9n hacia un modelo de econom\u00eda circular. Una serie de peque\u00f1as acciones puntuales hacen que la superficie liberada sea accesible, atractiva y segura para el p\u00fablico, con el fin de atraer a ciudadanos que puedan experimentar la cultura de las tres erres (reducir, reutilizar y reciclar), para que participen juntos, con todos los actores que trabajan para el desarrollo de la ciudad.<\/p>\n\n\n\n<p>Para hacer esto, se\nintroducen nuevas reglas urbanas; simples, abiertas y evolutivas, que puedan\nadaptarse a las necesidades de las partes interesadas; reglas resistentes que\npuedan responder activamente a cualquier variaci\u00f3n econ\u00f3mica, social, pol\u00edtica\ny clim\u00e1tica. Con el objetivo de reactivar esa parte de la ciudad, creando una\nnueva identidad que permita una forma de vida compartida, madura y democr\u00e1tica.<\/p>\n\n\n\n&nbsp;\n\n\n\n<figure class=\"wp-block-image size-large\"><img decoding=\"async\" loading=\"lazy\" width=\"612\" height=\"832\" src=\"http:\/\/www.europan-esp.es\/blog\/wp-content\/uploads\/2020\/02\/04.jpg\" alt=\"\" class=\"wp-image-4889\" srcset=\"http:\/\/www.europan-esp.es\/blog\/wp-content\/uploads\/2020\/02\/04.jpg 612w, http:\/\/www.europan-esp.es\/blog\/wp-content\/uploads\/2020\/02\/04-221x300.jpg 221w\" sizes=\"(max-width: 612px) 100vw, 612px\" \/><figcaption> <em>EUROPAN 15. Axonometric view of the productive hub.<\/em> <\/figcaption><\/figure>\n\n\n\n<p style=\"font-size:12px\" class=\"has-text-align-center\"><\/p>\n\n\n\n&nbsp;\n\n\n\n<figure class=\"wp-block-image size-large\"><img decoding=\"async\" loading=\"lazy\" width=\"612\" height=\"394\" src=\"http:\/\/www.europan-esp.es\/blog\/wp-content\/uploads\/2020\/02\/05.jpg\" alt=\"\" class=\"wp-image-4890\" srcset=\"http:\/\/www.europan-esp.es\/blog\/wp-content\/uploads\/2020\/02\/05.jpg 612w, http:\/\/www.europan-esp.es\/blog\/wp-content\/uploads\/2020\/02\/05-300x193.jpg 300w\" sizes=\"(max-width: 612px) 100vw, 612px\" \/><figcaption> <em>EUROPAN 15. Ground floor of the productive hub.<\/em> <\/figcaption><\/figure>\n\n\n\n<p style=\"font-size:12px\" class=\"has-text-align-center\"><\/p>\n\n\n\n&nbsp;\n\n\n\n<p>En 2017, Celia Cardona Cava y Luigi Costamagna empezaron a dar forma a <strong>winwinoffice<\/strong> con una idea en mente: desarrollar una actitud abierta y positiva de vivir la ciudad, aprovechando su pasi\u00f3n por el proyecto y su curiosidad por el mundo que les rodea.<\/p>\n\n\n\n<p>El lema del estudio dice\njustamente eso; \u201cwin-win\u201d, una situaci\u00f3n o resultado que es beneficioso o\npositivo para todas las partes involucradas.<\/p>\n\n\n\n&nbsp;\n\n\n\n<figure class=\"wp-block-image size-large\"><img decoding=\"async\" loading=\"lazy\" width=\"612\" height=\"448\" src=\"http:\/\/www.europan-esp.es\/blog\/wp-content\/uploads\/2020\/02\/06.jpg\" alt=\"\" class=\"wp-image-4891\" srcset=\"http:\/\/www.europan-esp.es\/blog\/wp-content\/uploads\/2020\/02\/06.jpg 612w, http:\/\/www.europan-esp.es\/blog\/wp-content\/uploads\/2020\/02\/06-300x220.jpg 300w\" sizes=\"(max-width: 612px) 100vw, 612px\" \/><figcaption> <em>Menci\u00f3n especial en el Concurso Internacional de Ideas del Rotary Club Gubbio, 2017<\/em> <\/figcaption><\/figure>\n\n\n\n<p style=\"font-size:12px\" class=\"has-text-align-center\"><\/p>\n\n\n\n&nbsp;\n\n\n\n<p>Desde su fundaci\u00f3n, <strong>winwinoffice<\/strong> ha participado en diversos concursos internacionales de arquitectura y dise\u00f1o urbano. En 2018, recibieron una Menci\u00f3n Especial por su proyecto Giardini Condivisi en el Concurso Internacional de Ideas para la remodelaci\u00f3n del espacio urbano en una zona perif\u00e9rica de Gubbio, Italia, organizado por el Rotary Club.<\/p>\n\n\n\n&nbsp;\n\n\n\n<figure class=\"wp-block-image size-large\"><img decoding=\"async\" loading=\"lazy\" width=\"612\" height=\"298\" src=\"http:\/\/www.europan-esp.es\/blog\/wp-content\/uploads\/2020\/02\/07.jpg\" alt=\"\" class=\"wp-image-4892\" srcset=\"http:\/\/www.europan-esp.es\/blog\/wp-content\/uploads\/2020\/02\/07.jpg 612w, http:\/\/www.europan-esp.es\/blog\/wp-content\/uploads\/2020\/02\/07-300x146.jpg 300w\" sizes=\"(max-width: 612px) 100vw, 612px\" \/><figcaption> <em>Aus\u00eancia. Propuesta para el Sommer Pavilion, Cascais, 2018<\/em> <\/figcaption><\/figure>\n\n\n\n<p style=\"font-size:12px\" class=\"has-text-align-center\"><\/p>\n\n\n\n&nbsp;\n\n\n\n<p>Recientemente, han participado junto al arquitecto <strong>Nicola Brembilla<\/strong> (HYPNOS studio), la asociaci\u00f3n \u201cNon Riservato\u201d y diversas asociaciones de padres y residentes del barrio, al proyecto Liberi Passi. Se trata de una propuesta de urbanismo t\u00e1ctico para garantizar un espacio seguro a la salida de la escuela para los alumnos y que actualmente est\u00e1 en las primeras fases de desarrollo junto al Ayuntamiento de Mil\u00e1n.<\/p>\n\n\n\n&nbsp;\n\n\n\n<figure class=\"wp-block-image size-large\"><img decoding=\"async\" loading=\"lazy\" width=\"612\" height=\"433\" src=\"http:\/\/www.europan-esp.es\/blog\/wp-content\/uploads\/2020\/02\/08.jpg\" alt=\"\" class=\"wp-image-4893\" srcset=\"http:\/\/www.europan-esp.es\/blog\/wp-content\/uploads\/2020\/02\/08.jpg 612w, http:\/\/www.europan-esp.es\/blog\/wp-content\/uploads\/2020\/02\/08-300x212.jpg 300w\" sizes=\"(max-width: 612px) 100vw, 612px\" \/><figcaption> <em>Liberi Passi in piazzale Bacone 2019-2020. Authors: Nicola Brembilla, winwinoffice, Non Riservato, i Baconiani y<\/em> otros. <\/figcaption><\/figure>\n\n\n\n<p style=\"font-size:12px\" class=\"has-text-align-center\"><\/p>\n\n\n\n&nbsp;\n\n\n\n<p>La esperanza para el futuro\nes poder desarrollar ideas innovadoras que permitan abordar los problemas\nimportantes que la ciudad del futuro pr\u00f3ximo est\u00e1 comenzando a desvelar.<\/p>\n\n\n\n&nbsp;\n\n\n\n<p class=\"has-text-align-center\"><strong><a href=\"http:\/\/www.winwinoffice.eu\/\" target=\"_blank\" rel=\"noreferrer noopener\" aria-label=\"www.winwinoffice.eu (se abre en una nueva pesta\u00f1a)\">www.winwinoffice.eu<\/a><br> @winwinoffice<br> <\/strong><a href=\"mailto:winwinoffice.eu@gmail.com\">winwinoffice.eu@gmail.com<\/a> <\/p>\n\n\n\n&nbsp;\n\n\n\n<p class=\"has-text-align-center\">Visualizers:<a> Alessandro Tal\u00f2: https:\/\/<\/a><a href=\"http:\/\/www.facebook.com\/Architetto-Alessandro-Tal%C3%B2-305938579894651\" target=\"_blank\" rel=\"noreferrer noopener\" aria-label=\"www.facebook.com\/Architetto-Alessandro-Tal%C3%B2-305938579894651 (se abre en una nueva pesta\u00f1a)\">www.facebook.com\/Architetto-Alessandro-Tal%C3%B2-305938579894651<\/a><a><br> Lorenzo Giampietro<\/a>: <a href=\"http:\/\/www.lorenzogiampietro.wordpress.com\" target=\"_blank\" rel=\"noreferrer noopener\" aria-label=\" (se abre en una nueva pesta\u00f1a)\">www.lorenzogiampietro.wordpress.com<\/a><\/p>\n","protected":false},"excerpt":{"rendered":"<p>EQUIPOS PREMIADOS EN EUROPAN PRIMER PREMIO EN GRAZ, AUSTRIA: 47Nord15Ost. winwinoffice &nbsp; &nbsp; winwinoffice es un joven estudio colaborativo de arquitectura y dise\u00f1o urbano fundado en 2017 por los arquitectos Celia Cardona Cava y Luigi Costamagna. &nbsp; Est\u00e1 focalizado en valorizar la dimensi\u00f3n humana de los proyectos como impulsora principal a cualquier escala. Su car\u00e1cter abierto favorece la colaboraci\u00f3n con profesionales de campos muy diferentes. Actualmente est\u00e1 ubicado en Mil\u00e1n (Italia) pero mantiene una naturaleza n\u00f3mada. &nbsp; Celia Cardona Cava (Valencia, 1989) es arquitecta t\u00e9cnica por la Universidad Polit\u00e9cnica de Valencia (ETSIE \u2013 UPV) y arquitecta por la Scuola di Architettura Civile del Politecnico di Milano, Italia. Luigi Costamagna (Perugia, IT, 1990) es arquitecto por la Scuola di Architettura Civile del Politecnico di Milano, Italia. &nbsp; Para el concurso EUROPAN 15, el equipo de trabajo estuvo compuesto, adem\u00e1s, por los siguientes colaboradores: Gabriele Cagini (1991) economista por la Universit\u00e0 di Bologna; Alessandro Tal\u00f2 (1988) arquitecto por la Universit\u00e0 \u201cGabriele D\u2019Annunzio\u201d di Chieti e Pescara; Lorenzo Giampietro (1983) arque\u00f3logo por la Universit\u00e0 \u201cGabriele D\u2019Annunzio\u201d di Chieti e Pescara y Paula Camila Godoy Guti\u00e9rrez (1991) arquitecta por la Universidad Piloto de Bogot\u00e1 y dise\u00f1adora de interiores por el Politecnico di Milano. &nbsp; [&hellip;]<\/p>\n","protected":false},"author":1,"featured_media":4894,"comment_status":"open","ping_status":"open","sticky":false,"template":"","format":"standard","meta":[],"categories":[81,72,74],"tags":[],"_links":{"self":[{"href":"http:\/\/www.europan-esp.es\/blog\/index.php?rest_route=\/wp\/v2\/posts\/4884"}],"collection":[{"href":"http:\/\/www.europan-esp.es\/blog\/index.php?rest_route=\/wp\/v2\/posts"}],"about":[{"href":"http:\/\/www.europan-esp.es\/blog\/index.php?rest_route=\/wp\/v2\/types\/post"}],"author":[{"embeddable":true,"href":"http:\/\/www.europan-esp.es\/blog\/index.php?rest_route=\/wp\/v2\/users\/1"}],"replies":[{"embeddable":true,"href":"http:\/\/www.europan-esp.es\/blog\/index.php?rest_route=%2Fwp%2Fv2%2Fcomments&post=4884"}],"version-history":[{"count":5,"href":"http:\/\/www.europan-esp.es\/blog\/index.php?rest_route=\/wp\/v2\/posts\/4884\/revisions"}],"predecessor-version":[{"id":4904,"href":"http:\/\/www.europan-esp.es\/blog\/index.php?rest_route=\/wp\/v2\/posts\/4884\/revisions\/4904"}],"wp:featuredmedia":[{"embeddable":true,"href":"http:\/\/www.europan-esp.es\/blog\/index.php?rest_route=\/wp\/v2\/media\/4894"}],"wp:attachment":[{"href":"http:\/\/www.europan-esp.es\/blog\/index.php?rest_route=%2Fwp%2Fv2%2Fmedia&parent=4884"}],"wp:term":[{"taxonomy":"category","embeddable":true,"href":"http:\/\/www.europan-esp.es\/blog\/index.php?rest_route=%2Fwp%2Fv2%2Fcategories&post=4884"},{"taxonomy":"post_tag","embeddable":true,"href":"http:\/\/www.europan-esp.es\/blog\/index.php?rest_route=%2Fwp%2Fv2%2Ftags&post=4884"}],"curies":[{"name":"wp","href":"https:\/\/api.w.org\/{rel}","templated":true}]}}