{"id":5326,"date":"2020-07-16T11:47:11","date_gmt":"2020-07-16T09:47:11","guid":{"rendered":"http:\/\/www.europan-esp.es\/blog\/?p=5326"},"modified":"2020-07-17T12:49:04","modified_gmt":"2020-07-17T10:49:04","slug":"cierre-de-europan-15-resultados","status":"publish","type":"post","link":"http:\/\/www.europan-esp.es\/blog\/?p=5326","title":{"rendered":"CIERRE DE EUROPAN 15 \/ el v\u00eddeo de la convocatoria"},"content":{"rendered":"\n<p style=\"font-size:17px\">Aunque la situaci\u00f3n de alarma sanitaria ha impedido celebrar el <strong>Acto Oficial de celebraci\u00f3n de los premios de EUROPAN 15<\/strong>, previsto para el 14 de mayo en <strong>Oliva y Valencia<\/strong>, queremos compartir el trabajo que se ha realizado a lo largo de los dos \u00faltimos a\u00f1os. Presentamos el tema de la convocatoria y los proyectos premiados por el Jurado de EUROPAN Espa\u00f1a.<\/p>\n\n\n\n&nbsp;\n\n\n\n<figure class=\"wp-block-image size-large\"><img decoding=\"async\" loading=\"lazy\" width=\"612\" height=\"319\" src=\"http:\/\/www.europan-esp.es\/blog\/wp-content\/uploads\/2020\/07\/E15.-Ciudades-Productivas-2-w.jpg\" alt=\"\" class=\"wp-image-5327\" srcset=\"http:\/\/www.europan-esp.es\/blog\/wp-content\/uploads\/2020\/07\/E15.-Ciudades-Productivas-2-w.jpg 612w, http:\/\/www.europan-esp.es\/blog\/wp-content\/uploads\/2020\/07\/E15.-Ciudades-Productivas-2-w-300x156.jpg 300w\" sizes=\"(max-width: 612px) 100vw, 612px\" \/><\/figure>\n\n\n\n&nbsp;\n\n\n\n<figure class=\"wp-block-embed-youtube wp-block-embed is-type-video is-provider-youtube wp-embed-aspect-16-9 wp-has-aspect-ratio\"><div class=\"wp-block-embed__wrapper\">\n<iframe loading=\"lazy\" title=\"EUROPAN 15 &quot;Ciudades productivas 2&quot;. Resultados\" width=\"500\" height=\"281\" src=\"https:\/\/www.youtube.com\/embed\/F9ASv_eDuQA?feature=oembed\" frameborder=\"0\" allow=\"accelerometer; autoplay; encrypted-media; gyroscope; picture-in-picture\" allowfullscreen><\/iframe>\n<\/div><\/figure>\n\n\n\n&nbsp;\n\n\n\n<p style=\"font-size:17px\"><strong>Gracias al Comit\u00e9 Nacional, a los miembros del Jurados, del Comit\u00e9 Cient\u00edfico, a todos los participantes y enhorabuena de nuevo a los equipos premiados.<\/strong><\/p>\n\n\n\n&nbsp;\n\n\n\n<p style=\"font-size:18px\" class=\"has-text-align-center\">\u00a1Esperamos poder encontrarnos de nuevo muy pronto!<\/p>\n\n\n\n&nbsp;\n\n\n\n<div class=\"wp-block-image\"><figure class=\"aligncenter size-large is-resized\"><img decoding=\"async\" loading=\"lazy\" src=\"http:\/\/www.europan-esp.es\/blog\/wp-content\/uploads\/2020\/05\/ES-1.jpg\" alt=\"\" class=\"wp-image-5126\" width=\"172\" height=\"198\"\/><\/figure><\/div>\n","protected":false},"excerpt":{"rendered":"<p>Aunque la situaci\u00f3n de alarma sanitaria ha impedido celebrar el Acto Oficial de celebraci\u00f3n de los premios de EUROPAN 15, previsto para el 14 de mayo en Oliva y Valencia, queremos compartir el trabajo que se ha realizado a lo largo de los dos \u00faltimos a\u00f1os. Presentamos el tema de la convocatoria y los proyectos premiados por el Jurado de EUROPAN Espa\u00f1a. &nbsp; &nbsp; &nbsp; Gracias al Comit\u00e9 Nacional, a los miembros del Jurados, del Comit\u00e9 Cient\u00edfico, a todos los participantes y enhorabuena de nuevo a los equipos premiados. &nbsp; \u00a1Esperamos poder encontrarnos de nuevo muy pronto! &nbsp;<\/p>\n","protected":false},"author":1,"featured_media":5328,"comment_status":"open","ping_status":"open","sticky":false,"template":"","format":"standard","meta":[],"categories":[78,81,72,80,69,74],"tags":[],"_links":{"self":[{"href":"http:\/\/www.europan-esp.es\/blog\/index.php?rest_route=\/wp\/v2\/posts\/5326"}],"collection":[{"href":"http:\/\/www.europan-esp.es\/blog\/index.php?rest_route=\/wp\/v2\/posts"}],"about":[{"href":"http:\/\/www.europan-esp.es\/blog\/index.php?rest_route=\/wp\/v2\/types\/post"}],"author":[{"embeddable":true,"href":"http:\/\/www.europan-esp.es\/blog\/index.php?rest_route=\/wp\/v2\/users\/1"}],"replies":[{"embeddable":true,"href":"http:\/\/www.europan-esp.es\/blog\/index.php?rest_route=%2Fwp%2Fv2%2Fcomments&post=5326"}],"version-history":[{"count":3,"href":"http:\/\/www.europan-esp.es\/blog\/index.php?rest_route=\/wp\/v2\/posts\/5326\/revisions"}],"predecessor-version":[{"id":5331,"href":"http:\/\/www.europan-esp.es\/blog\/index.php?rest_route=\/wp\/v2\/posts\/5326\/revisions\/5331"}],"wp:featuredmedia":[{"embeddable":true,"href":"http:\/\/www.europan-esp.es\/blog\/index.php?rest_route=\/wp\/v2\/media\/5328"}],"wp:attachment":[{"href":"http:\/\/www.europan-esp.es\/blog\/index.php?rest_route=%2Fwp%2Fv2%2Fmedia&parent=5326"}],"wp:term":[{"taxonomy":"category","embeddable":true,"href":"http:\/\/www.europan-esp.es\/blog\/index.php?rest_route=%2Fwp%2Fv2%2Fcategories&post=5326"},{"taxonomy":"post_tag","embeddable":true,"href":"http:\/\/www.europan-esp.es\/blog\/index.php?rest_route=%2Fwp%2Fv2%2Ftags&post=5326"}],"curies":[{"name":"wp","href":"https:\/\/api.w.org\/{rel}","templated":true}]}}