{"id":5334,"date":"2020-07-05T10:43:33","date_gmt":"2020-07-05T08:43:33","guid":{"rendered":"http:\/\/www.europan-esp.es\/blog\/?p=5334"},"modified":"2020-07-17T12:48:50","modified_gmt":"2020-07-17T10:48:50","slug":"testimonios-fernando-rodriguez","status":"publish","type":"post","link":"http:\/\/www.europan-esp.es\/blog\/?p=5334","title":{"rendered":"TESTIMONIOS\/\/Fernando Rodr\u00edguez"},"content":{"rendered":"\n<p style=\"font-size:17px\"><strong>EUROPAN Espa\u00f1a <\/strong>quiere compartir los puntos de vista de promotores, premiados, jurados, miembros del Comit\u00e9 Cient\u00edfico, organizadores\u2026 fragmentos de charlas donde ideas, opiniones y experiencias de diferentes agentes construyen un rico archipi\u00e9lago de miradas diversas que alimentan la reflexi\u00f3n sobre el papel que la arquitectura puede desempe\u00f1ar para mejorar nuestros entornos habitados a trav\u00e9s de <strong>EUROPAN<\/strong>.<\/p>\n\n\n\n&nbsp;\n\n\n\n<p style=\"font-size:17px\"><strong>Fernando RODR\u00cdGUEZ<\/strong> ha actuado como <strong>miembro del Jurado de EUROPAN 15 Espa\u00f1a<\/strong> junto a Javier MART\u00cdN RAMIRO (Presidente EUROPAN Espa\u00f1a) Bernardo BADER (<a href=\"http:\/\/www.bernardobader.com\" target=\"_blank\" rel=\"noreferrer noopener\">www.bernardobadercom<\/a>), Agata BUSCEMI (<a href=\"http:\/\/b2barq.com\" target=\"_blank\" rel=\"noreferrer noopener\">b2barq.com<\/a>), Joan BUSQUETS (<a href=\"http:\/\/bau-barcelona.com\" target=\"_blank\" rel=\"noreferrer noopener\">bau-barcelona.com<\/a>), Luc\u00eda CANO PINTOS (<a href=\"http:\/\/www.selgascano.net\" target=\"_blank\" rel=\"noreferrer noopener\">www.selgascano.net<\/a>), Eduardo DE MIGUEL ARBON\u00c9S, Agla\u00e9e DEGROS (Miembro del Comit\u00e9 Cient\u00edfico EUROPAN Europe) y Pilar D\u00cdAZ RODR\u00cdGUEZ (<a href=\"http:\/\/www.paisajetransversal.org\">www.paisajetransversal.org<\/a>)<\/p>\n\n\n\n&nbsp;\n\n\n\n<figure class=\"wp-block-image size-large\"><img decoding=\"async\" loading=\"lazy\" width=\"612\" height=\"463\" src=\"http:\/\/www.europan-esp.es\/blog\/wp-content\/uploads\/2020\/07\/w-DSC01568.jpg\" alt=\"\" class=\"wp-image-5335\" srcset=\"http:\/\/www.europan-esp.es\/blog\/wp-content\/uploads\/2020\/07\/w-DSC01568.jpg 612w, http:\/\/www.europan-esp.es\/blog\/wp-content\/uploads\/2020\/07\/w-DSC01568-300x227.jpg 300w\" sizes=\"(max-width: 612px) 100vw, 612px\" \/><\/figure>\n\n\n\n&nbsp;\n\n\n\n<figure class=\"wp-block-embed-youtube wp-block-embed is-type-video is-provider-youtube wp-embed-aspect-4-3 wp-has-aspect-ratio\"><div class=\"wp-block-embed__wrapper\">\n<iframe loading=\"lazy\" title=\"TESTIMONIOS. Fernando Rodr\u00edguez.\" width=\"500\" height=\"375\" src=\"https:\/\/www.youtube.com\/embed\/DQOWFucEheg?feature=oembed\" frameborder=\"0\" allow=\"accelerometer; autoplay; encrypted-media; gyroscope; picture-in-picture\" allowfullscreen><\/iframe>\n<\/div><\/figure>\n\n\n\n&nbsp;\n\n\n\n<p style=\"font-size:17px\"><a><span class=\"has-inline-color has-very-dark-gray-color\">Fernando Rodr\u00edguez es Doctor Arquitecto por la Universidad Polit\u00e9cnica de Madrid. Ha estudiado Arquitectura en la ETSAM Madrid y la Technische Universit\u00e4t Berlin, entre 1995 y 2003.<\/span><\/a><\/p>\n\n\n\n<p style=\"font-size:17px\">Actualmente es Profesor Ayudante Doctor del Departamento de Proyectos Arquitect\u00f3nicos en la ETSAM-UPM en M\u00e1ster Habilitante y MPAA. Ha impartido docencia y ha sido cr\u00edtico invitado en otras instituciones de car\u00e1cter internacional, como FAU PUCP Lima, Technische Universit\u00e4t Berlin, IE School of Architecture and Design o Universitat Internacional de Catalunya.<\/p>\n\n\n\n<p style=\"font-size:17px\">En 2015 defiende su tesis doctoral <strong>\u201cUn entendimiento infraestructural del proyecto arquitect\u00f3nico\u201d <\/strong>(Premio Extraordinario de Doctorado) que recoge su inter\u00e9s sobre la condici\u00f3n arquitect\u00f3nica de lo infraestructural y las escalas diversas en las que opera.<\/p>\n\n\n\n<p style=\"font-size:17px\">Escribe en revistas especializadas y ha publicado los libros \u201cUn entendimiento infraestructural del proyecto\u201d (Nobuko, 2016), \u201cLa materia de la identidad\u201d (DPA 2017), \u201cStandards\u201d (DPA 2016), \u201cUncharted\u201d (Actar 2014) y \u201cMatterscapes\u201d (Mairea 2013), entre otros. Ha sido comisario del ciclo de Conferencias argument#2 \u201cDual Practices\u201d y es jurado de Europan Espa\u00f1a.<\/p>\n\n\n\n<p style=\"font-size:17px\">En 2007 funda<strong> <span class=\"has-inline-color has-very-dark-gray-color\"><a rel=\"noreferrer noopener\" href=\"http:\/\/www.frpo.es\" target=\"_blank\">FRPO Rodriguez &amp; Oriol<\/a> <\/span><\/strong>junto a Pablo Oriol, cuya trayectoria profesional ha sido reconocida con los premios Architectural Record Design Vanguard (Nueva York, 2012), Europe 40 under 40 (2009) y Bauwelt Preis (Berl\u00edn, 2007). Su obra ha sido reconocida con la selecci\u00f3n para los Architectural Review Emerging Architecture Awards (2019), los Premios FAD (2019), el Pabell\u00f3n de Espa\u00f1a en la Bienal de Venecia (2016, Le\u00f3n de Oro), la nominaci\u00f3n a los Premios Mies van der Rohe (2015), las IX y XII Bienales Espa\u00f1olas de Arquitectura y Urbanismo (2007 y 2013), o las V y IX Bienales Iberoamericanas de Arquitectura y Urbanismo (2006 y 2014). El trabajo de FRPO ha sido publicado ampliamente y sus propuestas han sido difundidas mediante conferencias y exposiciones frecuentes, nacionales e internacionales. <\/p>\n\n\n\n<p style=\"font-size:17px\">Fernando ha obtenido el premio 2ACAA (2019), el Hise Award (2014), el Premio de Obra P\u00fablica del Ayuntamiento de Madrid (2008), el Premio Archizinc (2007) y el Premio Alejandro de la Sota (2003) y ha sido seleccionado en los premios de la Fundaci\u00f3n Camu\u00f1as para J\u00f3venes Arquitectos (2007).<\/p>\n\n\n\n<p style=\"font-size:17px\" class=\"has-text-align-center\"><a href=\"http:\/\/www.frpo.es\"><strong>www.frpo.es<\/strong><\/a><strong><\/strong><\/p>\n\n\n\n<p style=\"font-size:17px\" class=\"has-text-align-center\"><a href=\"https:\/\/www.instagram.com\/frpo.es\/\"><strong>@frpo.es<\/strong><\/a><strong><\/strong><\/p>\n\n\n\n&nbsp;\n\n\n\n<figure class=\"wp-block-image size-large\"><img decoding=\"async\" loading=\"lazy\" width=\"612\" height=\"376\" src=\"http:\/\/www.europan-esp.es\/blog\/wp-content\/uploads\/2020\/07\/w-cibeles_20191218_141028.jpg\" alt=\"\" class=\"wp-image-5338\" srcset=\"http:\/\/www.europan-esp.es\/blog\/wp-content\/uploads\/2020\/07\/w-cibeles_20191218_141028.jpg 612w, http:\/\/www.europan-esp.es\/blog\/wp-content\/uploads\/2020\/07\/w-cibeles_20191218_141028-300x184.jpg 300w\" sizes=\"(max-width: 612px) 100vw, 612px\" \/><\/figure>\n\n\n\n&nbsp;\n\n\n\n<p style=\"font-size:17px\"><em>Fernando Rodriguez holds a PhD in Architecture from the Universidad Polit\u00e9cnica de Madrid. He studied Architecture in the ETSAM Madrid and the TU Berlin between 1995 and 2003.<\/em><\/p>\n\n\n\n<p style=\"font-size:17px\"><em>He teaches at the Architectural Design Department of UPM ETSAM, both in Undergraduate and Graduate Programs. He has also taught and has been guest critic at other international institutions, such as FAU PUCP Lima, Technische Universit\u00e4t Berlin, IE School of Architecture and Design or Universitat Internacional de Catalunya.<\/em><\/p>\n\n\n\n<p style=\"font-size:17px\"><em>In 2015 his PhD dissertation \u201cAn infrastructural understanding of architectural design\u201d (PhD Prize 2016), showcases his interest in the architectural condition of the infrastructural condition and the different scales in which it performs. <\/em><\/p>\n\n\n\n<p style=\"font-size:17px\"><em>He publishes in architectural journals and has recently published the books \u201cUn entendimiento infraestructural del proyecto\u201d (Nobuko, 2016), \u201cLa materia de la identidad\u201d (DPA 2017), \u201cStandards\u201d (DPA 2016), \u201cUncharted\u201d (Actar 2014) y \u201cMatterscapes\u201d (Mairea 2013), among others. He has been curator of the Lecture Series argument#2 \u201cDual Practices\u201d and is an <strong>Europan Espa\u00f1a jury member<\/strong>.<\/em><\/p>\n\n\n\n<p style=\"font-size:17px\"><em>In 2007 he founds<strong> <\/strong><a href=\"http:\/\/www.frpo.es\" target=\"_blank\" rel=\"noreferrer noopener\"><strong>FRPO Rodriguez &amp; Oriol<\/strong><\/a> together with Pablo Oriol, being awarded with the Architectural Record Design Vanguard (New York 2012), the Europe 40 under 40 award (2009) and the Bauwelt Preis (Berlin 2007). Their work has been selected for the Architectural Review Emerging Architecture Awards (2019), the FAD Awards (2019), the Spanish Pavilion Exhibition at the Biennale di Venezia (2016, Golden Lion), the nomination for the Mies Van der Rohe Award (2015), the IX and XII Spanish Biennale for Architecture (2007 y 2013), or the V and IX Iberoamerican Biennale of Architecture and Urbanism (2006 y 2014). FRPO\u2019s work has been widely published, and through often lectures and exhibitions along the world, they have shared their approach to architecture during these years.<\/em><\/p>\n\n\n\n<p style=\"font-size:17px\"><em>Fernando has also obtained the 2ACAA Award (2019), the Hise Award (2014), the Ayuntamiento de Madrid Prize for Public Works (2008), the Archizinc Prize (2007) and the Alejandro de la Sota Prize (2003) and was selected for the Camu\u00f1as Foundation Young Architects Awards (2007).<\/em><\/p>\n\n\n\n<p style=\"font-size:17px\" class=\"has-text-align-center\"><a href=\"http:\/\/www.frpo.es\"><strong>www.frpo.es<\/strong><\/a><strong><\/strong><\/p>\n\n\n\n<p style=\"font-size:17px\" class=\"has-text-align-center\"><a href=\"https:\/\/www.instagram.com\/frpo.es\/\"><strong>@frpo.es<\/strong><\/a><strong><\/strong><\/p>\n\n\n\n<div class=\"wp-block-image\"><figure class=\"aligncenter size-large\"><img decoding=\"async\" loading=\"lazy\" width=\"612\" height=\"459\" src=\"http:\/\/www.europan-esp.es\/blog\/wp-content\/uploads\/2020\/07\/w-DSC01515.jpg\" alt=\"\" class=\"wp-image-5336\" srcset=\"http:\/\/www.europan-esp.es\/blog\/wp-content\/uploads\/2020\/07\/w-DSC01515.jpg 612w, http:\/\/www.europan-esp.es\/blog\/wp-content\/uploads\/2020\/07\/w-DSC01515-300x225.jpg 300w\" sizes=\"(max-width: 612px) 100vw, 612px\" \/><\/figure><\/div>\n\n\n\n&nbsp;\n\n\n\n<div class=\"wp-block-image\"><figure class=\"aligncenter size-large is-resized\"><img decoding=\"async\" loading=\"lazy\" src=\"http:\/\/www.europan-esp.es\/blog\/wp-content\/uploads\/2020\/05\/ES-1.jpg\" alt=\"\" class=\"wp-image-5126\" width=\"120\" height=\"138\"\/><\/figure><\/div>\n\n\n\n&nbsp;\n\n\n\n<p class=\"has-text-align-center\"><strong>SERIE TESTIMONIOS<\/strong><\/p>\n\n\n\n<p>Los v\u00eddeos que aqu\u00ed se publican formar\u00e1n parte de la exposici\u00f3n de los resultados de <strong>EUROPAN 15 <\/strong>dise\u00f1ada y producida por <a href=\"https:\/\/www.azab.es\/news\" target=\"_blank\" rel=\"noreferrer noopener\">AZAB<\/a>. Se han planteado a diferentes agentes las siguientes l\u00edneas de reflexi\u00f3n:<\/p>\n\n\n\n<p>1_ \u00bfEs posible una pr\u00e1ctica arquitect\u00f3nica desconectada de la investigaci\u00f3n y el conocimiento? \u00bfQu\u00e9 papel juega EUROPAN m\u00e1s all\u00e1 de sus emplazamientos como agitador y valedor de la arquitectura como pr\u00e1ctica de investigaci\u00f3n y progreso del h\u00e1bitat? \u00bfEs EUROPAN una muestra y oportunidad dentro del I+D+I para mejorar nuestros entornos habitados?<\/p>\n\n\n\n<p>2_El fomento de la escala intermedia, otra de las se\u00f1as de identidad de EUROPAN, en la que urbanismo, arquitectura, dise\u00f1o urbano o sociolog\u00eda se entremezclan y desdibujan \u00bfEsto supone una dificultad a\u00f1adida o es una condici\u00f3n de complejidad que mejora las propuestas y los proyectos? \u00bfQu\u00e9 ventajas y qu\u00e9 dificultades supone para el agente o el proyectista el enfrentarse a la redefinici\u00f3n de entornos que superan una parcela acotada y permiten entender el territorio en su conjunto?<\/p>\n\n\n\n<p>3_El papel que juega y ha jugado EUROPAN como respaldo en la carrera de j\u00f3venes arquitectos desde su primera edici\u00f3n en el a\u00f1o 89 ha sido muy notable. \u00bfQu\u00e9 supone para un joven arquitecto la oportunidad de enfrentarse al reto de materializar sus ideas y poder aportar nuevas soluciones urbanas? \/\/ \u00bfQu\u00e9 supone para un agente o entidad p\u00fablica poder contar con un joven talento para redefinir su entorno? En una profesi\u00f3n en la que los concursos est\u00e1n plagados de condiciones de solvencias y experiencias que alejan a los j\u00f3venes de su participaci\u00f3n \u00bfqu\u00e9 singularidades aportan los j\u00f3venes en la ideaci\u00f3n de nuevas realidades urbanas y\/o arquitect\u00f3nicas?<\/p>\n\n\n\n<p>4_La experiencia EUROPAN, m\u00e1s all\u00e1 de la parcialidad de lo construido\/proyectado en cada emplazamiento, puede tener esa intenci\u00f3n de disrupci\u00f3n dentro de tramas construidas demasiado cargadas de complejos y convencionalismos. \u00bfPuede esta labor de autonom\u00eda del proyecto ser un activador de ideas alternativas de ciudad que supere las condiciones existentes al no llevar a la arquitectura a una norma general si no a un ejemplo para la ciudad o su entorno?<\/p>\n\n\n\n<p><em>This proposal has a dynamic format which reaches beyond the unilateral nature of the traditional interview. Based on EUROPAN\u2019s self-definition and its four main features, it will generate snippets of conversations in which the ideas, opinions and experiences of different agents will build up a rich archipelago of diverse perspectives that will give the general public an insight into the EUROPAN phenomenon.<\/em><\/p>\n\n\n\n<p>EUROPAN is defined as: <em>a biennial ideas competition for urban planning and architecture. It aims to improve knowledge and research in the habitat and urban planning field through exchanges amongst professionals from the participant countries in Europe.<\/em><\/p>\n\n\n\n<p><em>1_ Can architectural practice be uncoupled from research and knowledge? What is the role of EUROPAN, beyond the sites as such, as an agitator and supporter of architecture as a practice involved with habitat research and progress? Is EUROPAN an example and also an opportunity to show the role that architecture can play in R+D+I to improve our inhabited environments? Each EUROPAN competition has an associated transversal theme that is defined and structured by international committees and experts. This gives each competition a common thematic focus. What is the advantage of this model over other cases that restrict the architectural output to a needs program with varying degrees of complexity? What major issues await a response in the immediate future?<\/em><\/p>\n\n\n\n<p><em>2_ Another feature of EUROPAN is the promotion of the intermediate scale, in which urbanism, architecture, urban design and sociology are intermingled and blurred. Is this an added difficulty or is it an aspect that lends it complexity to improve the proposals and projects? For the agents and designers, what advantages and difficulties are involved in redefining environments beyond a specific restricted site and allowing competitors to look at a territory in its entirety?<\/em><\/p>\n\n\n\n<p><em>3_ EUROPAN has played an important role in helping the careers of young architects ever since the first competition in 1989. What does the challenge of putting ideas into practice and designing new urban solutions mean for a young architect? \/\/ What does this opportunity to employ young talent to redefine an environment mean for a public agent or organisation? In a profession where competitions are rife with constraints about solvency and experience, which hinder participation by young people, what can young people contribute to the conception of new urban and\/or architectural realities?<\/em><\/p>\n\n\n\n<p><em>4_ The EUROPAN experience, apart from the partiality of what is built\/designed on each site, may also include a complete rethink of built-up zones which are excessively burdened by hang-ups and conventions. Do you think this task with its\u00a0design autonomy can be a catalyst for alternative ideas about the city that overcome pre-existing constraints by not leading the architecture towards a general rule, and instead, acting as an example for the city and its surroundings?<\/em><\/p>\n","protected":false},"excerpt":{"rendered":"<p>EUROPAN Espa\u00f1a quiere compartir los puntos de vista de promotores, premiados, jurados, miembros del Comit\u00e9 Cient\u00edfico, organizadores\u2026 fragmentos de charlas donde ideas, opiniones y experiencias de diferentes agentes construyen un rico archipi\u00e9lago de miradas diversas que alimentan la reflexi\u00f3n sobre el papel que la arquitectura puede desempe\u00f1ar para mejorar nuestros entornos habitados a trav\u00e9s de EUROPAN. &nbsp; Fernando RODR\u00cdGUEZ ha actuado como miembro del Jurado de EUROPAN 15 Espa\u00f1a junto a Javier MART\u00cdN RAMIRO (Presidente EUROPAN Espa\u00f1a) Bernardo BADER (www.bernardobadercom), Agata BUSCEMI (b2barq.com), Joan BUSQUETS (bau-barcelona.com), Luc\u00eda CANO PINTOS (www.selgascano.net), Eduardo DE MIGUEL ARBON\u00c9S, Agla\u00e9e DEGROS (Miembro del Comit\u00e9 Cient\u00edfico EUROPAN Europe) y Pilar D\u00cdAZ RODR\u00cdGUEZ (www.paisajetransversal.org) &nbsp; &nbsp; &nbsp; Fernando Rodr\u00edguez es Doctor Arquitecto por la Universidad Polit\u00e9cnica de Madrid. Ha estudiado Arquitectura en la ETSAM Madrid y la Technische Universit\u00e4t Berlin, entre 1995 y 2003. Actualmente es Profesor Ayudante Doctor del Departamento de Proyectos Arquitect\u00f3nicos en la ETSAM-UPM en M\u00e1ster Habilitante y MPAA. Ha impartido docencia y ha sido cr\u00edtico invitado en otras instituciones de car\u00e1cter internacional, como FAU PUCP Lima, Technische Universit\u00e4t Berlin, IE School of Architecture and Design o Universitat Internacional de Catalunya. En 2015 defiende su tesis doctoral \u201cUn entendimiento infraestructural del proyecto arquitect\u00f3nico\u201d (Premio [&hellip;]<\/p>\n","protected":false},"author":1,"featured_media":5341,"comment_status":"open","ping_status":"open","sticky":false,"template":"","format":"standard","meta":[],"categories":[72,69],"tags":[],"_links":{"self":[{"href":"http:\/\/www.europan-esp.es\/blog\/index.php?rest_route=\/wp\/v2\/posts\/5334"}],"collection":[{"href":"http:\/\/www.europan-esp.es\/blog\/index.php?rest_route=\/wp\/v2\/posts"}],"about":[{"href":"http:\/\/www.europan-esp.es\/blog\/index.php?rest_route=\/wp\/v2\/types\/post"}],"author":[{"embeddable":true,"href":"http:\/\/www.europan-esp.es\/blog\/index.php?rest_route=\/wp\/v2\/users\/1"}],"replies":[{"embeddable":true,"href":"http:\/\/www.europan-esp.es\/blog\/index.php?rest_route=%2Fwp%2Fv2%2Fcomments&post=5334"}],"version-history":[{"count":3,"href":"http:\/\/www.europan-esp.es\/blog\/index.php?rest_route=\/wp\/v2\/posts\/5334\/revisions"}],"predecessor-version":[{"id":5340,"href":"http:\/\/www.europan-esp.es\/blog\/index.php?rest_route=\/wp\/v2\/posts\/5334\/revisions\/5340"}],"wp:featuredmedia":[{"embeddable":true,"href":"http:\/\/www.europan-esp.es\/blog\/index.php?rest_route=\/wp\/v2\/media\/5341"}],"wp:attachment":[{"href":"http:\/\/www.europan-esp.es\/blog\/index.php?rest_route=%2Fwp%2Fv2%2Fmedia&parent=5334"}],"wp:term":[{"taxonomy":"category","embeddable":true,"href":"http:\/\/www.europan-esp.es\/blog\/index.php?rest_route=%2Fwp%2Fv2%2Fcategories&post=5334"},{"taxonomy":"post_tag","embeddable":true,"href":"http:\/\/www.europan-esp.es\/blog\/index.php?rest_route=%2Fwp%2Fv2%2Ftags&post=5334"}],"curies":[{"name":"wp","href":"https:\/\/api.w.org\/{rel}","templated":true}]}}