{"id":5540,"date":"2021-07-07T13:38:25","date_gmt":"2021-07-07T11:38:25","guid":{"rendered":"http:\/\/www.europan-esp.es\/blog\/?p=5540"},"modified":"2021-07-20T11:40:33","modified_gmt":"2021-07-20T09:40:33","slug":"esparreguera-colonia-industrial-del-siglo-xxi","status":"publish","type":"post","link":"http:\/\/www.europan-esp.es\/blog\/?p=5540","title":{"rendered":"ESPARREGUERA\/COLONIA INDUSTRIAL DEL SIGLO XXI"},"content":{"rendered":"\n<p style=\"font-size:17px\"><strong>INCAS\u00d2L<\/strong>, en asociaci\u00f3n con el <strong>Ayuntamiento de Esparraguera<\/strong>, propone la antigua Colonia Sed\u00f3 a<strong> EUROPAN 16, \u201cCiudades Vivas\u201d<\/strong>. Este complejo industrial, originariamente textil y hoy parcialmente en desuso, se levant\u00f3 a mediados del siglo XIX a orillas del r\u00edo Llobregat.<\/p>\n\n\n\n<div style=\"height:26px\" aria-hidden=\"true\" class=\"wp-block-spacer\"><\/div>\n\n\n\n<div class=\"wp-block-image\"><figure class=\"aligncenter size-large\"><a href=\"http:\/\/www.europan-esp.es\/blog\/wp-content\/uploads\/2021\/07\/IMG_20210607_131100_8-PANO.jpg\"><img decoding=\"async\" loading=\"lazy\" width=\"612\" height=\"186\" src=\"http:\/\/www.europan-esp.es\/blog\/wp-content\/uploads\/2021\/07\/IMG_20210607_131100_8-PANO.jpg\" alt=\"\" class=\"wp-image-5541\" srcset=\"http:\/\/www.europan-esp.es\/blog\/wp-content\/uploads\/2021\/07\/IMG_20210607_131100_8-PANO.jpg 612w, http:\/\/www.europan-esp.es\/blog\/wp-content\/uploads\/2021\/07\/IMG_20210607_131100_8-PANO-300x91.jpg 300w\" sizes=\"(max-width: 612px) 100vw, 612px\" \/><\/a><\/figure><\/div>\n\n\n\n<p style=\"font-size:17px\">A principios del siglo XX, la Colonia Sed\u00f3 se convirti\u00f3 en la mayor empresa textil de Catalu\u00f1a, llegando a contar con 2.500 personas trabajando all\u00ed en 1950. En 1863, se inicia la construcci\u00f3n de viviendas para trabajadores, se ampl\u00eda la f\u00e1brica y se proyectan diferentes obras de desarrollo y crecimiento (entre las cuales, la esclusa del Cairat).<\/p>\n\n\n\n<div style=\"height:20px\" aria-hidden=\"true\" class=\"wp-block-spacer\"><\/div>\n\n\n\n<div class=\"wp-block-image\"><figure class=\"aligncenter size-large\"><a href=\"http:\/\/www.europan-esp.es\/blog\/wp-content\/uploads\/2021\/07\/IMG_2498.jpg\"><img decoding=\"async\" loading=\"lazy\" width=\"612\" height=\"408\" src=\"http:\/\/www.europan-esp.es\/blog\/wp-content\/uploads\/2021\/07\/IMG_2498.jpg\" alt=\"\" class=\"wp-image-5542\" srcset=\"http:\/\/www.europan-esp.es\/blog\/wp-content\/uploads\/2021\/07\/IMG_2498.jpg 612w, http:\/\/www.europan-esp.es\/blog\/wp-content\/uploads\/2021\/07\/IMG_2498-300x200.jpg 300w\" sizes=\"(max-width: 612px) 100vw, 612px\" \/><\/a><\/figure><\/div>\n\n\n\n<div style=\"height:21px\" aria-hidden=\"true\" class=\"wp-block-spacer\"><\/div>\n\n\n\n<p style=\"font-size:17px\">La Colonia lleg\u00f3 a contar con tiendas, escuelas, iglesia, dispensario, cine, casino, etc. Todo el conjunto de la colonia obrera estaba situado al lado de la f\u00e1brica y se estructuraba en bloques alargados de viviendas de planta baja y dos pisos que formaban siete calles paralelas entre s\u00ed.<\/p>\n\n\n\n<div style=\"height:20px\" aria-hidden=\"true\" class=\"wp-block-spacer\"><\/div>\n\n\n\n<div class=\"wp-block-image\"><figure class=\"aligncenter size-large\"><a href=\"http:\/\/www.europan-esp.es\/blog\/wp-content\/uploads\/2021\/07\/ES-Esparreguera-PS-AP_6.jpg\"><img decoding=\"async\" loading=\"lazy\" width=\"612\" height=\"459\" src=\"http:\/\/www.europan-esp.es\/blog\/wp-content\/uploads\/2021\/07\/ES-Esparreguera-PS-AP_6.jpg\" alt=\"\" class=\"wp-image-5543\" srcset=\"http:\/\/www.europan-esp.es\/blog\/wp-content\/uploads\/2021\/07\/ES-Esparreguera-PS-AP_6.jpg 612w, http:\/\/www.europan-esp.es\/blog\/wp-content\/uploads\/2021\/07\/ES-Esparreguera-PS-AP_6-300x225.jpg 300w\" sizes=\"(max-width: 612px) 100vw, 612px\" \/><\/a><\/figure><\/div>\n\n\n\n<div style=\"height:21px\" aria-hidden=\"true\" class=\"wp-block-spacer\"><\/div>\n\n\n\n<p style=\"font-size:17px\">En 1980, se cierra la f\u00e1brica y se vende la colonia a un propietario que empieza a fraccionar los edificios a la demanda de compradores sucesivos<strong>. Incas\u00f3l compr\u00f3 la parte residencial en 2003<\/strong>.<\/p>\n\n\n\n<p style=\"font-size:17px\">Las personas que viven actualmente aqu\u00ed, 37 familias, ya viv\u00edan aqu\u00ed cuando Incas\u00f3l se convirti\u00f3 en propietario del \u00e1rea. Son pisos de unos 90 m2 con 2 o 4 viviendas en cada bloque. S\u00f3lo est\u00e1 vac\u00eda una de ellas. En realidad, la situaci\u00f3n del conjunto residencial e industrial de la Colonia Sed\u00f3 es de precariedad urban\u00edstica.<\/p>\n\n\n\n<div style=\"height:18px\" aria-hidden=\"true\" class=\"wp-block-spacer\"><\/div>\n\n\n\n<div class=\"wp-block-image\"><figure class=\"aligncenter size-large\"><a href=\"http:\/\/www.europan-esp.es\/blog\/wp-content\/uploads\/2021\/07\/IMG_2480.jpg\"><img decoding=\"async\" loading=\"lazy\" width=\"612\" height=\"408\" src=\"http:\/\/www.europan-esp.es\/blog\/wp-content\/uploads\/2021\/07\/IMG_2480.jpg\" alt=\"\" class=\"wp-image-5544\" srcset=\"http:\/\/www.europan-esp.es\/blog\/wp-content\/uploads\/2021\/07\/IMG_2480.jpg 612w, http:\/\/www.europan-esp.es\/blog\/wp-content\/uploads\/2021\/07\/IMG_2480-300x200.jpg 300w\" sizes=\"(max-width: 612px) 100vw, 612px\" \/><\/a><\/figure><\/div>\n\n\n\n<div style=\"height:17px\" aria-hidden=\"true\" class=\"wp-block-spacer\"><\/div>\n\n\n\n<div class=\"wp-block-image\"><figure class=\"aligncenter size-large\"><a href=\"http:\/\/www.europan-esp.es\/blog\/wp-content\/uploads\/2021\/07\/IMG_2507.jpg\"><img decoding=\"async\" loading=\"lazy\" width=\"612\" height=\"408\" src=\"http:\/\/www.europan-esp.es\/blog\/wp-content\/uploads\/2021\/07\/IMG_2507.jpg\" alt=\"\" class=\"wp-image-5545\" srcset=\"http:\/\/www.europan-esp.es\/blog\/wp-content\/uploads\/2021\/07\/IMG_2507.jpg 612w, http:\/\/www.europan-esp.es\/blog\/wp-content\/uploads\/2021\/07\/IMG_2507-300x200.jpg 300w\" sizes=\"(max-width: 612px) 100vw, 612px\" \/><\/a><\/figure><\/div>\n\n\n\n<div style=\"height:20px\" aria-hidden=\"true\" class=\"wp-block-spacer\"><\/div>\n\n\n\n<p style=\"font-size:17px\"><strong>En cuanto al \u00e1rea industrial<\/strong>, la Colonia se ha convertido en un pol\u00edgono industrial donde tienen cabida diferentes empresas y actividades industriales, algunas de referencia y otras de un valor a\u00f1adido reducido, como talleres, almacenes. No existen comercios, aunque si un bar.<\/p>\n\n\n\n<div style=\"height:23px\" aria-hidden=\"true\" class=\"wp-block-spacer\"><\/div>\n\n\n\n<div class=\"wp-block-image\"><figure class=\"aligncenter size-large\"><a href=\"http:\/\/www.europan-esp.es\/blog\/wp-content\/uploads\/2021\/07\/DSC01625.jpg\"><img decoding=\"async\" loading=\"lazy\" width=\"612\" height=\"434\" src=\"http:\/\/www.europan-esp.es\/blog\/wp-content\/uploads\/2021\/07\/DSC01625.jpg\" alt=\"\" class=\"wp-image-5546\" srcset=\"http:\/\/www.europan-esp.es\/blog\/wp-content\/uploads\/2021\/07\/DSC01625.jpg 612w, http:\/\/www.europan-esp.es\/blog\/wp-content\/uploads\/2021\/07\/DSC01625-300x213.jpg 300w\" sizes=\"(max-width: 612px) 100vw, 612px\" \/><\/a><\/figure><\/div>\n\n\n\n<div style=\"height:20px\" aria-hidden=\"true\" class=\"wp-block-spacer\"><\/div>\n\n\n\n<p style=\"font-size:17px\">Todas las naves tienen algo de actividad productiva, lo cual diferencia a Sed\u00f3 de otras colonias industriales (unas 30 a lo largo del Llobregat). Es importante comprender que la actividad productiva ha de continuar, aunque sea reformulando alguna de las actividades actuales.<\/p>\n\n\n\n<div style=\"height:19px\" aria-hidden=\"true\" class=\"wp-block-spacer\"><\/div>\n\n\n\n<div class=\"wp-block-image\"><figure class=\"aligncenter size-large\"><a href=\"http:\/\/www.europan-esp.es\/blog\/wp-content\/uploads\/2021\/07\/ES-Esparreguera-SS-AP2.jpg\"><img decoding=\"async\" loading=\"lazy\" width=\"612\" height=\"351\" src=\"http:\/\/www.europan-esp.es\/blog\/wp-content\/uploads\/2021\/07\/ES-Esparreguera-SS-AP2.jpg\" alt=\"\" class=\"wp-image-5547\" srcset=\"http:\/\/www.europan-esp.es\/blog\/wp-content\/uploads\/2021\/07\/ES-Esparreguera-SS-AP2.jpg 612w, http:\/\/www.europan-esp.es\/blog\/wp-content\/uploads\/2021\/07\/ES-Esparreguera-SS-AP2-300x172.jpg 300w\" sizes=\"(max-width: 612px) 100vw, 612px\" \/><\/a><\/figure><\/div>\n\n\n\n<div style=\"height:23px\" aria-hidden=\"true\" class=\"wp-block-spacer\"><\/div>\n\n\n\n<p style=\"font-size:17px\">En la actualidad, los accesos a la zona industrial y a la residencial de la Colonia se encuentran separados y diferenciados, en extremos opuestos del recinto (flechas). Hay un \u00fanico punto de acceso entre los dos complejos consiste en una puerta que permanece cerrada al ser la parte industrial un recinto privado de acceso restringido. La Casa del amo, tambi\u00e9n de propiedad privada, permanece hoy vac\u00eda<\/p>\n\n\n\n<div style=\"height:20px\" aria-hidden=\"true\" class=\"wp-block-spacer\"><\/div>\n\n\n\n<div class=\"wp-block-image\"><figure class=\"aligncenter size-large\"><a href=\"http:\/\/www.europan-esp.es\/blog\/wp-content\/uploads\/2021\/07\/esparraguera-museocoloniaseda_1284x642_q75_middle.jpg\"><img decoding=\"async\" loading=\"lazy\" width=\"612\" height=\"306\" src=\"http:\/\/www.europan-esp.es\/blog\/wp-content\/uploads\/2021\/07\/esparraguera-museocoloniaseda_1284x642_q75_middle.jpg\" alt=\"\" class=\"wp-image-5548\" srcset=\"http:\/\/www.europan-esp.es\/blog\/wp-content\/uploads\/2021\/07\/esparraguera-museocoloniaseda_1284x642_q75_middle.jpg 612w, http:\/\/www.europan-esp.es\/blog\/wp-content\/uploads\/2021\/07\/esparraguera-museocoloniaseda_1284x642_q75_middle-300x150.jpg 300w\" sizes=\"(max-width: 612px) 100vw, 612px\" \/><\/a><\/figure><\/div>\n\n\n\n<div style=\"height:18px\" aria-hidden=\"true\" class=\"wp-block-spacer\"><\/div>\n\n\n\n<p style=\"font-size:17px\"><strong>La propuesta de este emplazamiento a EUROPAN 16 se enmarca en la necesaria transici\u00f3n de la colonia en el siglo XXI.<\/strong><\/p>\n\n\n\n<p style=\"font-size:17px\"><strong>El objetivo es apelar a nuevas ideas que permitan sacar del estado de bloqueo al que se ha visto sometido un entorno especialmente sensible tanto desde el punto de vista ambiental como patrimonial y social.<\/strong><\/p>\n\n\n\n<p style=\"font-size:17px\"><strong>Aunque el encargo a los equipos premiados estar\u00e1 vinculado al \u00e1rea residencial, el objetivo del concurso es obtener ideas para resolver un problema de planeamiento.<\/strong><\/p>\n\n\n\n<div style=\"height:39px\" aria-hidden=\"true\" class=\"wp-block-spacer\"><\/div>\n\n\n\n<div class=\"wp-block-image\"><figure class=\"aligncenter size-large\"><a href=\"http:\/\/www.europan-esp.es\/blog\/wp-content\/uploads\/2021\/07\/93867763.jpg\"><img decoding=\"async\" loading=\"lazy\" width=\"612\" height=\"406\" src=\"http:\/\/www.europan-esp.es\/blog\/wp-content\/uploads\/2021\/07\/93867763.jpg\" alt=\"\" class=\"wp-image-5549\" srcset=\"http:\/\/www.europan-esp.es\/blog\/wp-content\/uploads\/2021\/07\/93867763.jpg 612w, http:\/\/www.europan-esp.es\/blog\/wp-content\/uploads\/2021\/07\/93867763-300x199.jpg 300w\" sizes=\"(max-width: 612px) 100vw, 612px\" \/><\/a><\/figure><\/div>\n\n\n\n<div style=\"height:30px\" aria-hidden=\"true\" class=\"wp-block-spacer\"><\/div>\n\n\n\n<p style=\"font-size:18px\"><strong>\u00bfC\u00f3mo conseguir que la actividad siga?, \u00bfQu\u00e9 tipo de actividad ha de ser?<\/strong><\/p>\n\n\n\n<p style=\"font-size:18px\"><strong>\u00bfCu\u00e1l es el futuro del \u00e1rea residencial?<\/strong><\/p>\n\n\n\n<p style=\"font-size:18px\"><strong>\u00bfC\u00f3mo romper la barrera que separa las dos realidades?<\/strong><\/p>\n\n\n\n<p style=\"font-size:18px\"><strong>\u00bfC\u00f3mo relacionar la parte industrial con la residencial?<\/strong><\/p>\n\n\n\n<p style=\"font-size:18px\"><strong>\u00bfComo vertebrarlas a trav\u00e9s de usos? \u00bfhan de ser nuevos usos?<\/strong><\/p>\n\n\n\n<p style=\"font-size:18px\"><strong>\u00bfTiene sentido aumentar la densidad de la parte residencial?<\/strong><\/p>\n\n\n\n<p style=\"font-size:18px\"><strong>\u00bfComo articular elementos motores para reactivar el \u00e1rea residencial?, \u00bfcu\u00e1les deber\u00edan ser?<\/strong><\/p>\n\n\n\n<p style=\"font-size:18px\"><strong>Dada la existencia de actividad productiva en la parte industrial y de otros pol\u00edgonos industriales en el entorno inmediato, \u00bfse puede imaginar nuevos usos para la colonia?<\/strong><\/p>\n\n\n\n<p style=\"font-size:18px\"><strong>\u00bfC\u00f3mo reforzar las conexiones con el territorio circundante?<\/strong><\/p>\n\n\n\n<p style=\"font-size:18px\"><strong>\u00bfC\u00f3mo reforzar las conexiones con los municipios de referencia?<\/strong><\/p>\n\n\n\n<div style=\"height:21px\" aria-hidden=\"true\" class=\"wp-block-spacer\"><\/div>\n\n\n\n<div class=\"wp-block-image\"><figure class=\"aligncenter size-large\"><a href=\"http:\/\/www.europan-esp.es\/blog\/wp-content\/uploads\/2021\/07\/imagen-aerea_colonia-sedo.jpg\"><img decoding=\"async\" loading=\"lazy\" width=\"612\" height=\"465\" src=\"http:\/\/www.europan-esp.es\/blog\/wp-content\/uploads\/2021\/07\/imagen-aerea_colonia-sedo.jpg\" alt=\"\" class=\"wp-image-5550\" srcset=\"http:\/\/www.europan-esp.es\/blog\/wp-content\/uploads\/2021\/07\/imagen-aerea_colonia-sedo.jpg 612w, http:\/\/www.europan-esp.es\/blog\/wp-content\/uploads\/2021\/07\/imagen-aerea_colonia-sedo-300x228.jpg 300w\" sizes=\"(max-width: 612px) 100vw, 612px\" \/><\/a><\/figure><\/div>\n","protected":false},"excerpt":{"rendered":"<p>INCAS\u00d2L, en asociaci\u00f3n con el Ayuntamiento de Esparraguera, propone la antigua Colonia Sed\u00f3 a EUROPAN 16, \u201cCiudades Vivas\u201d. Este complejo industrial, originariamente textil y hoy parcialmente en desuso, se levant\u00f3 a mediados del siglo XIX a orillas del r\u00edo Llobregat. A principios del siglo XX, la Colonia Sed\u00f3 se convirti\u00f3 en la mayor empresa textil de Catalu\u00f1a, llegando a contar con 2.500 personas trabajando all\u00ed en 1950. En 1863, se inicia la construcci\u00f3n de viviendas para trabajadores, se ampl\u00eda la f\u00e1brica y se proyectan diferentes obras de desarrollo y crecimiento (entre las cuales, la esclusa del Cairat). La Colonia lleg\u00f3 a contar con tiendas, escuelas, iglesia, dispensario, cine, casino, etc. Todo el conjunto de la colonia obrera estaba situado al lado de la f\u00e1brica y se estructuraba en bloques alargados de viviendas de planta baja y dos pisos que formaban siete calles paralelas entre s\u00ed. En 1980, se cierra la f\u00e1brica y se vende la colonia a un propietario que empieza a fraccionar los edificios a la demanda de compradores sucesivos. Incas\u00f3l compr\u00f3 la parte residencial en 2003. Las personas que viven actualmente aqu\u00ed, 37 familias, ya viv\u00edan aqu\u00ed cuando Incas\u00f3l se convirti\u00f3 en propietario del \u00e1rea. Son pisos de [&hellip;]<\/p>\n","protected":false},"author":1,"featured_media":5551,"comment_status":"open","ping_status":"open","sticky":false,"template":"","format":"standard","meta":[],"categories":[78,77],"tags":[],"_links":{"self":[{"href":"http:\/\/www.europan-esp.es\/blog\/index.php?rest_route=\/wp\/v2\/posts\/5540"}],"collection":[{"href":"http:\/\/www.europan-esp.es\/blog\/index.php?rest_route=\/wp\/v2\/posts"}],"about":[{"href":"http:\/\/www.europan-esp.es\/blog\/index.php?rest_route=\/wp\/v2\/types\/post"}],"author":[{"embeddable":true,"href":"http:\/\/www.europan-esp.es\/blog\/index.php?rest_route=\/wp\/v2\/users\/1"}],"replies":[{"embeddable":true,"href":"http:\/\/www.europan-esp.es\/blog\/index.php?rest_route=%2Fwp%2Fv2%2Fcomments&post=5540"}],"version-history":[{"count":2,"href":"http:\/\/www.europan-esp.es\/blog\/index.php?rest_route=\/wp\/v2\/posts\/5540\/revisions"}],"predecessor-version":[{"id":5553,"href":"http:\/\/www.europan-esp.es\/blog\/index.php?rest_route=\/wp\/v2\/posts\/5540\/revisions\/5553"}],"wp:featuredmedia":[{"embeddable":true,"href":"http:\/\/www.europan-esp.es\/blog\/index.php?rest_route=\/wp\/v2\/media\/5551"}],"wp:attachment":[{"href":"http:\/\/www.europan-esp.es\/blog\/index.php?rest_route=%2Fwp%2Fv2%2Fmedia&parent=5540"}],"wp:term":[{"taxonomy":"category","embeddable":true,"href":"http:\/\/www.europan-esp.es\/blog\/index.php?rest_route=%2Fwp%2Fv2%2Fcategories&post=5540"},{"taxonomy":"post_tag","embeddable":true,"href":"http:\/\/www.europan-esp.es\/blog\/index.php?rest_route=%2Fwp%2Fv2%2Ftags&post=5540"}],"curies":[{"name":"wp","href":"https:\/\/api.w.org\/{rel}","templated":true}]}}