{"id":830,"date":"2012-07-25T12:09:08","date_gmt":"2012-07-25T10:09:08","guid":{"rendered":"http:\/\/www.europan-esp.es\/blog\/?p=830"},"modified":"2020-02-18T13:17:46","modified_gmt":"2020-02-18T12:17:46","slug":"cero9-en-jyvaskyla","status":"publish","type":"post","link":"http:\/\/www.europan-esp.es\/blog\/?p=830","title":{"rendered":"Cero9 en Jyv\u00e4skyl\u00e4"},"content":{"rendered":"<p>El estudio Cero9, formado por Cristina D\u00edaz Moreno y Efr\u00e9n Garc\u00eda Grinda, result\u00f3 premiado en EUROPAN 6 por su proyecto para Jyv\u00e4skyl\u00e4, Finlandia.<br \/>\nEn la actualidad, el equipo est\u00e1 desarrollando una unidad de las viviendas cuya construcci\u00f3n est\u00e1 prevista durante el a\u00f1o 2013.<\/p>\n<p><a href=\"http:\/\/www.cero9.com\/amidmagazine\/prototypes\/1068\/\" title=\"cero9\" target=\"_blank\" rel=\"noopener noreferrer\">http:\/\/www.cero9.com\/amidmagazine\/prototypes\/1068\/<\/a><br \/>\n<a href=\"http:\/\/www.jyvaskyla.fi\/\" target=\"_blank\" rel=\"noopener noreferrer\">http:\/\/www.jyvaskyla.fi\/<\/a><\/p>\n<p><a href=\"http:\/\/www.europan-esp.es\/blog\/wp-content\/uploads\/2012\/07\/jyvaskyla-01-fotmnt-1.jpg\"><img decoding=\"async\" loading=\"lazy\" src=\"http:\/\/www.europan-esp.es\/blog\/wp-content\/uploads\/2012\/07\/jyvaskyla-01-fotmnt-1.jpg\" alt=\"\" title=\"jyvaskyla-01-fotmnt-1\" width=\"465\" height=\"134\" class=\"alignnone size-full wp-image-832\" \/><\/a><br \/>\n<strong>Concurso<\/strong><br \/>\nJyv\u00e4skyl\u00e4 se encuentra a orillas del lago Jyv\u00e4sj\u00e4rvi, a unos 270 kil\u00f3metros al Norte de Helsinki. Tiene universidad y es una de las cinco ciudades de Finlandia de crecimiento m\u00e1s r\u00e1pido. El \u00e1rea de trabajo se encuentra al sureste del lago y est\u00e1 bien conectada con el centro urbano. El objetivo del concurso era la creaci\u00f3n de actividades y de un centro de ocio, dando una nueva identidad al lago, as\u00ed como de un \u00e1rea residencial adecuada al paisaje urbano de barrio de \u00c4ij\u00e4l\u00e4.<\/p>\n<p>La propuesta premiada parte de una idea fuerte y sencilla: unidades de viviendas unifamiliares, cada una de ellas con un patio privado orientado a fachada sur. Se trata de generar un tejido residencial de baja densidad compuesto por 99 diferentes unidades de vivienda organizadas seg\u00fan un sistema \u00fanico. Los patios confieren una forma espec\u00edfica a cada unidad de vivienda. Se proponen cinco soluciones diferentes de vivienda. La flexibilidad del sistema espacial \u00fanico ofrece m\u00faltiples opciones para cada vivienda, posibilitando diferentes modos de vida. La habitaci\u00f3n central var\u00eda seg\u00fan el uso dado a los espacios menores: dormitorio peque\u00f1o, estudio o taller, cocina, ba\u00f1o o aseo o un almac\u00e9n. Las paredes se revisten con espejos y cristal, de forma que el lugar se convierte en un jard\u00edn de espejos capaz de reflejar los colores, la luz y las texturas del bosque y el lago, borrando los l\u00edmites entre las \u00e1reas p\u00fablicas y las privadas. Las unidades de vivienda adoptan giros que evitan interferencias mutuas y que, a la vez, permiten la m\u00e1xima exposici\u00f3n al sur. Las casas est\u00e1n elevadas para que los espacios p\u00fablicos, los senderos y las rutas para bicicletas o rodadas puedan transcurrir por debajo.<\/p>\n<p><a href=\"http:\/\/www.europan-esp.es\/blog\/wp-content\/uploads\/2012\/07\/PLAN-10001-amid.jpg\"><img decoding=\"async\" loading=\"lazy\" src=\"http:\/\/www.europan-esp.es\/blog\/wp-content\/uploads\/2012\/07\/PLAN-10001-amid.jpg\" alt=\"\" title=\"PLAN-10001-amid\" width=\"267\" height=\"612\" class=\"alignnone size-full wp-image-833\" \/><\/a> <\/p>\n<p><strong>Desarrollo<\/strong><br \/>\nA partir del premio, se desarrollaron diferentes estudios de las unidades residenciales. El ayuntamiento de Jyv\u00e4skyl\u00e4 encarg\u00f3 a un promotor local el desarrollo del proyecto en cinco a\u00f1os y al equipo la profundizaci\u00f3n en la propuesta. El promotor fue especialmente cr\u00edtico con los patios elevados.<br \/>\nEl equipo investig\u00f3 seis nuevas posibilidades de organizaci\u00f3n espacial de los terrenos p\u00fablicos y privados manteniendo la idea de un sistema \u00fanico con diferentes tipolog\u00edas espaciales. En relaci\u00f3n con las unidades de vivienda, se hizo una primera distinci\u00f3n entre 3 niveles de uso: el privado (dormitorios y servicios), el p\u00fablico (estar y trabajo) y el patio (aparcamiento y jard\u00edn).<\/p>\n<p>Estableciendo un conjunto de reglas para cada posibilidad, el equipo encontr\u00f3 un sistema arquitect\u00f3nico simple que confiere estabilidad formal y tipol\u00f3gica y, a la vez, admite variaciones. Las soluciones abarcan desde viviendas en hilera hasta torres residenciales donde la interacci\u00f3n de espacios p\u00fablicos y privados se produce tanto en vertical como en horizontal. Las morfolog\u00edas var\u00edan desde bloques muy compactos con terrazas hasta casas unifamiliares en hilera con jard\u00edn.<br \/>\nSe present\u00f3 una propuesta final a los clientes en diciembre de 2003 en la que las unidades se giran 90 grados generando senderos en direcci\u00f3n este-oeste. Cada unidad presenta dos puntos de anclaje en vez de uno, creando entradas privadas en el extremo de cada una de las viviendas. El patio se mantiene elevado pero la doble entrada marca m\u00e1s claramente el espacio abierto inferior como un territorio privado.<br \/>\n<a href=\"http:\/\/www.europan-esp.es\/blog\/wp-content\/uploads\/2012\/07\/montaje-vista-web1.jpg\"><img decoding=\"async\" loading=\"lazy\" src=\"http:\/\/www.europan-esp.es\/blog\/wp-content\/uploads\/2012\/07\/montaje-vista-web1.jpg\" alt=\"\" title=\"montaje-vista-web1\" width=\"612\" height=\"297\" class=\"alignnone size-full wp-image-834\" \/><\/a><\/p>\n","protected":false},"excerpt":{"rendered":"<p>El estudio Cero9, formado por Cristina D\u00edaz Moreno y Efr\u00e9n Garc\u00eda Grinda, result\u00f3 premiado en EUROPAN 6 por su proyecto para Jyv\u00e4skyl\u00e4, Finlandia. En la actualidad, el equipo est\u00e1 desarrollando una unidad de las viviendas cuya construcci\u00f3n est\u00e1 prevista durante el a\u00f1o 2013. http:\/\/www.cero9.com\/amidmagazine\/prototypes\/1068\/ http:\/\/www.jyvaskyla.fi\/ Concurso Jyv\u00e4skyl\u00e4 se encuentra a orillas del lago Jyv\u00e4sj\u00e4rvi, a unos 270 kil\u00f3metros al Norte de Helsinki. Tiene universidad y es una de las cinco ciudades de Finlandia de crecimiento m\u00e1s r\u00e1pido. El \u00e1rea de trabajo se encuentra al sureste del lago y est\u00e1 bien conectada con el centro urbano. El objetivo del concurso era la creaci\u00f3n de actividades y de un centro de ocio, dando una nueva identidad al lago, as\u00ed como de un \u00e1rea residencial adecuada al paisaje urbano de barrio de \u00c4ij\u00e4l\u00e4. La propuesta premiada parte de una idea fuerte y sencilla: unidades de viviendas unifamiliares, cada una de ellas con un patio privado orientado a fachada sur. Se trata de generar un tejido residencial de baja densidad compuesto por 99 diferentes unidades de vivienda organizadas seg\u00fan un sistema \u00fanico. Los patios confieren una forma espec\u00edfica a cada unidad de vivienda. Se proponen cinco soluciones diferentes de vivienda. La flexibilidad del sistema [&hellip;]<\/p>\n","protected":false},"author":1,"featured_media":831,"comment_status":"open","ping_status":"open","sticky":false,"template":"","format":"standard","meta":[],"categories":[61,81,54],"tags":[],"_links":{"self":[{"href":"http:\/\/www.europan-esp.es\/blog\/index.php?rest_route=\/wp\/v2\/posts\/830"}],"collection":[{"href":"http:\/\/www.europan-esp.es\/blog\/index.php?rest_route=\/wp\/v2\/posts"}],"about":[{"href":"http:\/\/www.europan-esp.es\/blog\/index.php?rest_route=\/wp\/v2\/types\/post"}],"author":[{"embeddable":true,"href":"http:\/\/www.europan-esp.es\/blog\/index.php?rest_route=\/wp\/v2\/users\/1"}],"replies":[{"embeddable":true,"href":"http:\/\/www.europan-esp.es\/blog\/index.php?rest_route=%2Fwp%2Fv2%2Fcomments&post=830"}],"version-history":[{"count":5,"href":"http:\/\/www.europan-esp.es\/blog\/index.php?rest_route=\/wp\/v2\/posts\/830\/revisions"}],"predecessor-version":[{"id":4792,"href":"http:\/\/www.europan-esp.es\/blog\/index.php?rest_route=\/wp\/v2\/posts\/830\/revisions\/4792"}],"wp:featuredmedia":[{"embeddable":true,"href":"http:\/\/www.europan-esp.es\/blog\/index.php?rest_route=\/wp\/v2\/media\/831"}],"wp:attachment":[{"href":"http:\/\/www.europan-esp.es\/blog\/index.php?rest_route=%2Fwp%2Fv2%2Fmedia&parent=830"}],"wp:term":[{"taxonomy":"category","embeddable":true,"href":"http:\/\/www.europan-esp.es\/blog\/index.php?rest_route=%2Fwp%2Fv2%2Fcategories&post=830"},{"taxonomy":"post_tag","embeddable":true,"href":"http:\/\/www.europan-esp.es\/blog\/index.php?rest_route=%2Fwp%2Fv2%2Ftags&post=830"}],"curies":[{"name":"wp","href":"https:\/\/api.w.org\/{rel}","templated":true}]}}