{"id":975,"date":"2013-04-09T13:00:53","date_gmt":"2013-04-09T11:00:53","guid":{"rendered":"http:\/\/www.europan-esp.es\/blog\/?p=975"},"modified":"2020-02-18T13:24:59","modified_gmt":"2020-02-18T12:24:59","slug":"serranobaquero-y-cuac","status":"publish","type":"post","link":"http:\/\/www.europan-esp.es\/blog\/?p=975","title":{"rendered":"Serrano+Baquero y CUAC"},"content":{"rendered":"<p><a href=\"http:\/\/accesit.org\/actualidad\/2013\/04\/02\/reflexiones-sobre-europan\/\" target=\"_blank\" rel=\"noopener noreferrer\">ACC\u00c9SIT <\/a> publica \u201cReflexiones sobre EUROPAN\u201d, una entrevista con el equipo premiado en EUROPAN 11.<\/p>\n<p><a href=\"http:\/\/www.europan-esp.es\/blog\/wp-content\/uploads\/2013\/04\/GEO-RURBANA-1.jpg\"><img decoding=\"async\" loading=\"lazy\" src=\"http:\/\/www.europan-esp.es\/blog\/wp-content\/uploads\/2013\/04\/GEO-RURBANA-1.jpg\" alt=\"\" title=\"GEO-RURBANA-San Bartolom\u00e9\" width=\"612\" height=\"273\" class=\"alignnone size-full wp-image-977\" \/><\/a><\/p>\n<p><a href=\"http:\/\/www.serranoybaquero.com\/\" target=\"_blank\" rel=\"noopener noreferrer\">Serrano+Baquero<\/a> y <a href=\"http:\/\/cuacs.com\/\" target=\"_blank\" rel=\"noopener noreferrer\">CUAC <\/a>obtuvieron el primer premio San Bartolom\u00e9 (Lanzarote) y Leeuwarden (Pa\u00edses Bajos).<br \/>\n<a href=\"http:\/\/www.europan-esp.es\/blog\/wp-content\/uploads\/2013\/04\/leeuwarden-NL.jpg\"><img decoding=\"async\" loading=\"lazy\" src=\"http:\/\/www.europan-esp.es\/blog\/wp-content\/uploads\/2013\/04\/leeuwarden-NL.jpg\" alt=\"\" title=\"leeuwarden-NL\" width=\"612\" height=\"394\" class=\"alignnone size-full wp-image-979\" \/><\/a><\/p>\n<p>Adem\u00e1s de explicar sus experiencias en EUROPAN 11, el equipo reflexiona sobre el concurso y su <a href=\"http:\/\/www.europan-esp.es\/02_02_europan_conc_reglamento.php\" target=\"_blank\" rel=\"noopener noreferrer\">nuevo formato de entrega<\/a>.<\/p>\n","protected":false},"excerpt":{"rendered":"<p>ACC\u00c9SIT publica \u201cReflexiones sobre EUROPAN\u201d, una entrevista con el equipo premiado en EUROPAN 11. Serrano+Baquero y CUAC obtuvieron el primer premio San Bartolom\u00e9 (Lanzarote) y Leeuwarden (Pa\u00edses Bajos). Adem\u00e1s de explicar sus experiencias en EUROPAN 11, el equipo reflexiona sobre el concurso y su nuevo formato de entrega.<\/p>\n","protected":false},"author":1,"featured_media":976,"comment_status":"open","ping_status":"open","sticky":false,"template":"","format":"standard","meta":[],"categories":[81,59,74,65],"tags":[],"_links":{"self":[{"href":"http:\/\/www.europan-esp.es\/blog\/index.php?rest_route=\/wp\/v2\/posts\/975"}],"collection":[{"href":"http:\/\/www.europan-esp.es\/blog\/index.php?rest_route=\/wp\/v2\/posts"}],"about":[{"href":"http:\/\/www.europan-esp.es\/blog\/index.php?rest_route=\/wp\/v2\/types\/post"}],"author":[{"embeddable":true,"href":"http:\/\/www.europan-esp.es\/blog\/index.php?rest_route=\/wp\/v2\/users\/1"}],"replies":[{"embeddable":true,"href":"http:\/\/www.europan-esp.es\/blog\/index.php?rest_route=%2Fwp%2Fv2%2Fcomments&post=975"}],"version-history":[{"count":4,"href":"http:\/\/www.europan-esp.es\/blog\/index.php?rest_route=\/wp\/v2\/posts\/975\/revisions"}],"predecessor-version":[{"id":4816,"href":"http:\/\/www.europan-esp.es\/blog\/index.php?rest_route=\/wp\/v2\/posts\/975\/revisions\/4816"}],"wp:featuredmedia":[{"embeddable":true,"href":"http:\/\/www.europan-esp.es\/blog\/index.php?rest_route=\/wp\/v2\/media\/976"}],"wp:attachment":[{"href":"http:\/\/www.europan-esp.es\/blog\/index.php?rest_route=%2Fwp%2Fv2%2Fmedia&parent=975"}],"wp:term":[{"taxonomy":"category","embeddable":true,"href":"http:\/\/www.europan-esp.es\/blog\/index.php?rest_route=%2Fwp%2Fv2%2Fcategories&post=975"},{"taxonomy":"post_tag","embeddable":true,"href":"http:\/\/www.europan-esp.es\/blog\/index.php?rest_route=%2Fwp%2Fv2%2Ftags&post=975"}],"curies":[{"name":"wp","href":"https:\/\/api.w.org\/{rel}","templated":true}]}}